{"id":980,"date":"2015-02-15T21:00:02","date_gmt":"2015-02-15T20:00:02","guid":{"rendered":"http:\/\/feuerwehr-trebur.org\/web\/?p=980"},"modified":"2015-02-18T19:28:23","modified_gmt":"2015-02-18T18:28:23","slug":"02-15-15-personenrettung","status":"publish","type":"post","link":"https:\/\/www.feuerwehr-trebur.org\/web\/02-15-15-personenrettung\/","title":{"rendered":"02-15-15 &#8211; Personenrettung"},"content":{"rendered":"<p><strong>Einsatzstichwort<\/strong>: H 1<\/p>\n<p><strong>Alarmierung<\/strong>: 14.49 Uhr<br \/>\n<strong>Einsatzort<\/strong>: Mainzer Stra\u00dfe Astheim<\/p>\n<p><strong>Fahrzeuge<\/strong>: TLF 1\/5<br \/>\n<strong>Einsatzkr\u00e4fte Trebur<\/strong>: folgt<br \/>\n<strong>Weitere Kr\u00e4fte:<\/strong> FF R\u00fcsselsheim, DRK OV Trebur, Rettungsdienst, Polizei<\/p>\n<p><strong>Kurzbericht<\/strong><\/p>\n<p>In der Mainzer Stra\u00dfe musste w\u00e4hrend des Rosensonntagsumzugs in Astheim eine \u00e4ltere Dame in ihrem Wohnhaus reanimiert werden. Hier leisteten das DRK als First Responder mit Unterst\u00fctzung der TLF-Besatzung Erste Hilfe. Da die Dame aus dem ersten Stock in den Rettungswagen gebracht werden musste, aber nicht durch das Treppenhaus transportiert werden konnte, r\u00fcckte zudem noch die Drehleiter aus R\u00fcsselsheim an, mit der die Patientin unter den Augen hunderter Narren aus dem Obergeschoss gerettet wurde.<\/p>\n<p><strong>Einsatzende Einsatz<\/strong>: folgt.<br \/>\n<strong>Einsatzdauer Einsatz<\/strong>: folgt.<\/p>\n<div class=\"wpview-body\" contenteditable=\"false\">\n<div class=\"wpview-content wpview-type-gallery\">\n<div class=\"gallery gallery-columns-3\">\n<dl class=\"gallery-item\">\n<dt class=\"gallery-icon\"><\/dt>\n<\/dl>\n\n\t\t<style type=\"text\/css\">\n\t\t\t#gallery-1 {\n\t\t\t\tmargin: auto;\n\t\t\t}\n\t\t\t#gallery-1 .gallery-item {\n\t\t\t\tfloat: left;\n\t\t\t\tmargin-top: 10px;\n\t\t\t\ttext-align: center;\n\t\t\t\twidth: 33%;\n\t\t\t}\n\t\t\t#gallery-1 img {\n\t\t\t\tborder: 2px solid #cfcfcf;\n\t\t\t}\n\t\t\t#gallery-1 .gallery-caption {\n\t\t\t\tmargin-left: 0;\n\t\t\t}\n\t\t\t\/* see gallery_shortcode() in wp-includes\/media.php *\/\n\t\t<\/style>\n\t\t<div id='gallery-1' class='gallery galleryid-980 gallery-columns-3 gallery-size-thumbnail'><dl class='gallery-item'>\n\t\t\t<dt class='gallery-icon landscape'>\n\t\t\t\t<a href='https:\/\/www.feuerwehr-trebur.org\/web\/02-15-15-personenrettung\/einsatz-fastnacht\/'><img loading=\"lazy\" decoding=\"async\" width=\"150\" height=\"150\" src=\"https:\/\/www.feuerwehr-trebur.org\/web\/wp-content\/uploads\/2015\/02\/Einsatz-Fastnacht-150x150.jpg\" class=\"attachment-thumbnail size-thumbnail\" alt=\"\" \/><\/a>\n\t\t\t<\/dt><\/dl>\n\t\t\t<br style='clear: both' \/>\n\t\t<\/div>\n\n<dl class=\"gallery-item\">\n<dt class=\"gallery-icon\"><\/dt>\n<\/dl>\n<\/div>\n<\/div>\n<\/div>\n","protected":false},"excerpt":{"rendered":"<p>Einsatzstichwort: H 1 Alarmierung: 14.49 Uhr Einsatzort: Mainzer Stra\u00dfe Astheim Fahrzeuge: TLF 1\/5 Einsatzkr\u00e4fte Trebur: folgt Weitere Kr\u00e4fte: FF R\u00fcsselsheim, DRK OV Trebur, Rettungsdienst, Polizei Kurzbericht In der Mainzer Stra\u00dfe musste w\u00e4hrend des Rosensonntagsumzugs in Astheim eine \u00e4ltere Dame in ihrem Wohnhaus reanimiert werden. Hier leisteten das<\/p>\n","protected":false},"author":3,"featured_media":984,"comment_status":"open","ping_status":"open","sticky":false,"template":"","format":"standard","meta":{"footnotes":"","_links_to":"","_links_to_target":""},"categories":[4],"tags":[],"class_list":["post-980","post","type-post","status-publish","format-standard","has-post-thumbnail","hentry","category-einsaetze"],"_links":{"self":[{"href":"https:\/\/www.feuerwehr-trebur.org\/web\/wp-json\/wp\/v2\/posts\/980","targetHints":{"allow":["GET"]}}],"collection":[{"href":"https:\/\/www.feuerwehr-trebur.org\/web\/wp-json\/wp\/v2\/posts"}],"about":[{"href":"https:\/\/www.feuerwehr-trebur.org\/web\/wp-json\/wp\/v2\/types\/post"}],"author":[{"embeddable":true,"href":"https:\/\/www.feuerwehr-trebur.org\/web\/wp-json\/wp\/v2\/users\/3"}],"replies":[{"embeddable":true,"href":"https:\/\/www.feuerwehr-trebur.org\/web\/wp-json\/wp\/v2\/comments?post=980"}],"version-history":[{"count":4,"href":"https:\/\/www.feuerwehr-trebur.org\/web\/wp-json\/wp\/v2\/posts\/980\/revisions"}],"predecessor-version":[{"id":1021,"href":"https:\/\/www.feuerwehr-trebur.org\/web\/wp-json\/wp\/v2\/posts\/980\/revisions\/1021"}],"wp:featuredmedia":[{"embeddable":true,"href":"https:\/\/www.feuerwehr-trebur.org\/web\/wp-json\/wp\/v2\/media\/984"}],"wp:attachment":[{"href":"https:\/\/www.feuerwehr-trebur.org\/web\/wp-json\/wp\/v2\/media?parent=980"}],"wp:term":[{"taxonomy":"category","embeddable":true,"href":"https:\/\/www.feuerwehr-trebur.org\/web\/wp-json\/wp\/v2\/categories?post=980"},{"taxonomy":"post_tag","embeddable":true,"href":"https:\/\/www.feuerwehr-trebur.org\/web\/wp-json\/wp\/v2\/tags?post=980"}],"curies":[{"name":"wp","href":"https:\/\/api.w.org\/{rel}","templated":true}]}}