{"id":972,"date":"2015-02-15T20:55:59","date_gmt":"2015-02-15T19:55:59","guid":{"rendered":"http:\/\/feuerwehr-trebur.org\/web\/?p=972"},"modified":"2015-02-18T19:32:04","modified_gmt":"2015-02-18T18:32:04","slug":"09-02-2015-gefahrguteinsatz","status":"publish","type":"post","link":"https:\/\/www.feuerwehr-trebur.org\/web\/09-02-2015-gefahrguteinsatz\/","title":{"rendered":"09-02-2015 &#8211; Gefahrguteinsatz"},"content":{"rendered":"<p><strong>Einsatzstichwort<\/strong>: F 3<\/p>\n<p><strong>Alarmierung<\/strong>: 11.30 Uhr<br \/>\n<strong>Einsatzort<\/strong>: Gernsheim<\/p>\n<p><strong>Fahrzeuge<\/strong>: GW-Mess<br \/>\n<strong>Einsatzkr\u00e4fte Trebur<\/strong>: 3<br \/>\n<strong>Weitere Kr\u00e4fte:<\/strong> folgt.<\/p>\n<p><strong>Kurzbericht<\/strong><\/p>\n<p>In einem Merck-Produktionsgeb\u00e4ude f\u00fcr Farbpigmente in Gernsheim (Gro\u00df-Gerau) sei gegen 11 Uhr ein Abluftfilter in Brand geraten, sagte ein Sprecher des Unternehmens. Sowohl die Werksfeuerwehren aus Darmstadt und dem Standort Gernsheim als auch die Kr\u00e4fte umliegender Feuerwehren waren im Einsatz.<\/p>\n<p>Das Feuer konnte demnach schnell unter Kontrolle gebracht werden. Das betroffene Produktionsgeb\u00e4ude wurde evakuiert. Verletzt wurde niemand, auch soll f\u00fcr die umliegende Bev\u00f6lkerung keine Gefahr bestanden haben. Warum das Feuer ausbrach, ist noch unklar, ebenso die Schadensh\u00f6he. (Quelle: hr-online.de)<\/p>\n<p>Wir r\u00fcckten zur Einsatzstelle mit unserem Messfahrzeug an, mussten allerdings nicht t\u00e4tig werden.<\/p>\n<p><strong>Einsatzende Einsatz<\/strong>: 13.11 Uhr<br \/>\n<strong>Einsatzdauer Einsatz<\/strong>: 101 Minuten<\/p>\n","protected":false},"excerpt":{"rendered":"<p>Einsatzstichwort: F 3 Alarmierung: 11.30 Uhr Einsatzort: Gernsheim Fahrzeuge: GW-Mess Einsatzkr\u00e4fte Trebur: 3 Weitere Kr\u00e4fte: folgt. Kurzbericht In einem Merck-Produktionsgeb\u00e4ude f\u00fcr Farbpigmente in Gernsheim (Gro\u00df-Gerau) sei gegen 11 Uhr ein Abluftfilter in Brand geraten, sagte ein Sprecher des Unternehmens. Sowohl die Werksfeuerwehren aus Darmstadt und dem Standort<\/p>\n","protected":false},"author":3,"featured_media":236,"comment_status":"open","ping_status":"open","sticky":false,"template":"","format":"standard","meta":{"footnotes":"","_links_to":"","_links_to_target":""},"categories":[4],"tags":[],"class_list":["post-972","post","type-post","status-publish","format-standard","has-post-thumbnail","hentry","category-einsaetze"],"_links":{"self":[{"href":"https:\/\/www.feuerwehr-trebur.org\/web\/wp-json\/wp\/v2\/posts\/972","targetHints":{"allow":["GET"]}}],"collection":[{"href":"https:\/\/www.feuerwehr-trebur.org\/web\/wp-json\/wp\/v2\/posts"}],"about":[{"href":"https:\/\/www.feuerwehr-trebur.org\/web\/wp-json\/wp\/v2\/types\/post"}],"author":[{"embeddable":true,"href":"https:\/\/www.feuerwehr-trebur.org\/web\/wp-json\/wp\/v2\/users\/3"}],"replies":[{"embeddable":true,"href":"https:\/\/www.feuerwehr-trebur.org\/web\/wp-json\/wp\/v2\/comments?post=972"}],"version-history":[{"count":4,"href":"https:\/\/www.feuerwehr-trebur.org\/web\/wp-json\/wp\/v2\/posts\/972\/revisions"}],"predecessor-version":[{"id":1025,"href":"https:\/\/www.feuerwehr-trebur.org\/web\/wp-json\/wp\/v2\/posts\/972\/revisions\/1025"}],"wp:featuredmedia":[{"embeddable":true,"href":"https:\/\/www.feuerwehr-trebur.org\/web\/wp-json\/wp\/v2\/media\/236"}],"wp:attachment":[{"href":"https:\/\/www.feuerwehr-trebur.org\/web\/wp-json\/wp\/v2\/media?parent=972"}],"wp:term":[{"taxonomy":"category","embeddable":true,"href":"https:\/\/www.feuerwehr-trebur.org\/web\/wp-json\/wp\/v2\/categories?post=972"},{"taxonomy":"post_tag","embeddable":true,"href":"https:\/\/www.feuerwehr-trebur.org\/web\/wp-json\/wp\/v2\/tags?post=972"}],"curies":[{"name":"wp","href":"https:\/\/api.w.org\/{rel}","templated":true}]}}