{"id":712,"date":"2012-01-11T21:19:13","date_gmt":"2012-01-11T21:19:13","guid":{"rendered":"http:\/\/feuerwehr-trebur.org\/web\/?p=712"},"modified":"2015-01-24T21:21:59","modified_gmt":"2015-01-24T21:21:59","slug":"11-01-2012-hilfeleistung-nach-verkehrsunfall","status":"publish","type":"post","link":"https:\/\/www.feuerwehr-trebur.org\/web\/11-01-2012-hilfeleistung-nach-verkehrsunfall\/","title":{"rendered":"11.01.2012 &#8211; Hilfeleistung nach Verkehrsunfall"},"content":{"rendered":"<p><strong>Alarmierung<\/strong>: 17.02 Uhr<br \/>\n<strong>Einsatzstichwort<\/strong>: H 1<br \/>\n<strong>Einsatzort<\/strong>: L 3040 Trebur &#8211; Nauheim<br \/>\n<strong>Fahrzeuge<\/strong>: GW-Mess | VRW<br \/>\n<strong>Einsatzkr\u00e4fte Trebur<\/strong>: 6 (+6 in Bereitschaft im Ger\u00e4tehaus)<br \/>\n<strong>Weitere Kr\u00e4fte<\/strong>: Polizei<\/p>\n<p><strong>Kurzbericht<\/strong><\/p>\n<p>Ein Verkehrsunfall auf der Landstra\u00dfe 3040 zwischen Trebur und Nauheim forderte am Mittwochabend den ersten Einsatz der Treburer Feuerwehr im neuen Jahr. Gegen 17 Uhr wollte ein Treburer Autofahrer von Nauheim kommend zu den Aussiedlerh\u00f6fen der Oberach einbiegen und bremste daf\u00fcr ab. Ein nachfolgender Fahrer aus Trebur erkannte dies scheinbar zu sp\u00e4t und fuhr auf den Vordermann auf, so die Polizei. Durch den Aufprall wurden drei Personen leicht verletzt. Die alarmierte Feuerwehr streute auslaufende Betriebsstoffe ab, stellte den Brandschutz sicher und sicherte die Unfallstelle ab. Der Sachschaden betr\u00e4gt laut Polizei rund 10000 Euro.\u00a0<em>(dm)<\/em><\/p>\n<p><strong>Einsatzende<\/strong>: 17.43 Uhr<br \/>\n<strong>Einsatzdauer<\/strong>: 41 Minuten<\/p>\n\n\t\t<style type=\"text\/css\">\n\t\t\t#gallery-1 {\n\t\t\t\tmargin: auto;\n\t\t\t}\n\t\t\t#gallery-1 .gallery-item {\n\t\t\t\tfloat: left;\n\t\t\t\tmargin-top: 10px;\n\t\t\t\ttext-align: center;\n\t\t\t\twidth: 33%;\n\t\t\t}\n\t\t\t#gallery-1 img {\n\t\t\t\tborder: 2px solid #cfcfcf;\n\t\t\t}\n\t\t\t#gallery-1 .gallery-caption {\n\t\t\t\tmargin-left: 0;\n\t\t\t}\n\t\t\t\/* see gallery_shortcode() in wp-includes\/media.php *\/\n\t\t<\/style>\n\t\t<div id='gallery-1' class='gallery galleryid-712 gallery-columns-3 gallery-size-thumbnail'><dl class='gallery-item'>\n\t\t\t<dt class='gallery-icon landscape'>\n\t\t\t\t<a href='https:\/\/www.feuerwehr-trebur.org\/web\/11-01-2012-hilfeleistung-nach-verkehrsunfall\/vu-4\/'><img loading=\"lazy\" decoding=\"async\" width=\"150\" height=\"150\" src=\"https:\/\/www.feuerwehr-trebur.org\/web\/wp-content\/uploads\/2015\/01\/vu4-150x150.jpg\" class=\"attachment-thumbnail size-thumbnail\" alt=\"\" aria-describedby=\"gallery-1-713\" \/><\/a>\n\t\t\t<\/dt>\n\t\t\t\t<dd class='wp-caption-text gallery-caption' id='gallery-1-713'>\n\t\t\t\tAn der Unfallstelle\n\t\t\t\t<\/dd><\/dl><dl class='gallery-item'>\n\t\t\t<dt class='gallery-icon landscape'>\n\t\t\t\t<a href='https:\/\/www.feuerwehr-trebur.org\/web\/11-01-2012-hilfeleistung-nach-verkehrsunfall\/vu2-3\/'><img loading=\"lazy\" decoding=\"async\" width=\"150\" height=\"150\" src=\"https:\/\/www.feuerwehr-trebur.org\/web\/wp-content\/uploads\/2015\/01\/vu22-150x150.jpg\" class=\"attachment-thumbnail size-thumbnail\" alt=\"\" aria-describedby=\"gallery-1-714\" \/><\/a>\n\t\t\t<\/dt>\n\t\t\t\t<dd class='wp-caption-text gallery-caption' id='gallery-1-714'>\n\t\t\t\tAn der Unfallstelle\n\t\t\t\t<\/dd><\/dl><dl class='gallery-item'>\n\t\t\t<dt class='gallery-icon landscape'>\n\t\t\t\t<a href='https:\/\/www.feuerwehr-trebur.org\/web\/11-01-2012-hilfeleistung-nach-verkehrsunfall\/vu3-2\/'><img loading=\"lazy\" decoding=\"async\" width=\"150\" height=\"150\" src=\"https:\/\/www.feuerwehr-trebur.org\/web\/wp-content\/uploads\/2015\/01\/vu31-150x150.jpg\" class=\"attachment-thumbnail size-thumbnail\" alt=\"\" aria-describedby=\"gallery-1-715\" \/><\/a>\n\t\t\t<\/dt>\n\t\t\t\t<dd class='wp-caption-text gallery-caption' id='gallery-1-715'>\n\t\t\t\tAn der Unfallstelle\n\t\t\t\t<\/dd><\/dl><br style=\"clear: both\" \/>\n\t\t<\/div>\n\n","protected":false},"excerpt":{"rendered":"<p>Alarmierung: 17.02 Uhr Einsatzstichwort: H 1 Einsatzort: L 3040 Trebur &#8211; Nauheim Fahrzeuge: GW-Mess | VRW Einsatzkr\u00e4fte Trebur: 6 (+6 in Bereitschaft im Ger\u00e4tehaus) Weitere Kr\u00e4fte: Polizei Kurzbericht Ein Verkehrsunfall auf der Landstra\u00dfe 3040 zwischen Trebur und Nauheim forderte am Mittwochabend den ersten Einsatz der Treburer Feuerwehr<\/p>\n","protected":false},"author":6,"featured_media":713,"comment_status":"open","ping_status":"open","sticky":false,"template":"","format":"standard","meta":{"footnotes":"","_links_to":"","_links_to_target":""},"categories":[4],"tags":[],"class_list":["post-712","post","type-post","status-publish","format-standard","has-post-thumbnail","hentry","category-einsaetze"],"_links":{"self":[{"href":"https:\/\/www.feuerwehr-trebur.org\/web\/wp-json\/wp\/v2\/posts\/712","targetHints":{"allow":["GET"]}}],"collection":[{"href":"https:\/\/www.feuerwehr-trebur.org\/web\/wp-json\/wp\/v2\/posts"}],"about":[{"href":"https:\/\/www.feuerwehr-trebur.org\/web\/wp-json\/wp\/v2\/types\/post"}],"author":[{"embeddable":true,"href":"https:\/\/www.feuerwehr-trebur.org\/web\/wp-json\/wp\/v2\/users\/6"}],"replies":[{"embeddable":true,"href":"https:\/\/www.feuerwehr-trebur.org\/web\/wp-json\/wp\/v2\/comments?post=712"}],"version-history":[{"count":1,"href":"https:\/\/www.feuerwehr-trebur.org\/web\/wp-json\/wp\/v2\/posts\/712\/revisions"}],"predecessor-version":[{"id":716,"href":"https:\/\/www.feuerwehr-trebur.org\/web\/wp-json\/wp\/v2\/posts\/712\/revisions\/716"}],"wp:featuredmedia":[{"embeddable":true,"href":"https:\/\/www.feuerwehr-trebur.org\/web\/wp-json\/wp\/v2\/media\/713"}],"wp:attachment":[{"href":"https:\/\/www.feuerwehr-trebur.org\/web\/wp-json\/wp\/v2\/media?parent=712"}],"wp:term":[{"taxonomy":"category","embeddable":true,"href":"https:\/\/www.feuerwehr-trebur.org\/web\/wp-json\/wp\/v2\/categories?post=712"},{"taxonomy":"post_tag","embeddable":true,"href":"https:\/\/www.feuerwehr-trebur.org\/web\/wp-json\/wp\/v2\/tags?post=712"}],"curies":[{"name":"wp","href":"https:\/\/api.w.org\/{rel}","templated":true}]}}