{"id":4780,"date":"2026-09-02T19:30:46","date_gmt":"2026-09-02T17:30:46","guid":{"rendered":"https:\/\/www.feuerwehr-trebur.org\/web\/?p=4780"},"modified":"2026-09-02T19:30:46","modified_gmt":"2026-09-02T17:30:46","slug":"chronik-des-monats-august-2026","status":"publish","type":"post","link":"https:\/\/www.feuerwehr-trebur.org\/web\/chronik-des-monats-august-2026\/","title":{"rendered":"Chronik des Monats August 2026"},"content":{"rendered":"<p>Der vergangene August war wieder sehr hei\u00df. So verzeichneten wir sieben Eins\u00e4tze, von denen wir Ihnen hier kurz berichten m\u00f6chten.<\/p>\n<p><strong>Sonntag, den 02.08.2026<br \/>\n15:51 Uhr \u2013 H1Y \u2013 Notfallt\u00fcr\u00f6ffnung (Platanenstra\u00dfe)<\/strong><br \/>\nHier verschafften wir der Polizei und dem Rettungsdienst Zugang zu einem Geb\u00e4ude, in dem eine vermisste Person vermutet wurde. Mit Spezialger\u00e4t wurde die Haust\u00fcr ge\u00f6ffnet und den genannten Organisationen Zugang verschafft. Knapp 30 Minuten sp\u00e4ter war der Einsatz f\u00fcr die Feuerwehr beendet und wir konnten wieder zur\u00fcck zum Ger\u00e4tehaus fahren.<\/p>\n<p><strong>Donnerstag, den 06.08.2026<br \/>\n17:11 Uhr \u2013 F4 \u2013 Brand im Gewerbegebiet (Gernsheim)<\/strong><br \/>\nIm Rahmen des AKUT-L\u00f6schzuges und des Gefahrgutzuges mit dem Messfahrzeug waren insgesamt acht Einsatzkr\u00e4fte aus Trebur zur Unterst\u00fctzung der Kollegen aus Gernsheim im Einsatz. Ebenfalls waren L\u00f6schgruppen aus Astheim und Geinsheim mit im Einsatz. In dem genannten Betrieb w\u00fctete ein gewaltiger Brand und brachte alle Einsatzkr\u00e4fte m\u00e4chtig ins Schwitzen. Wir unterst\u00fctzten bei der Brandbek\u00e4mpfung sowie bei Gefahrstoffmessungen an und um die Einsatzstelle. Gegen 23:00 Uhr war der Brand soweit unter Kontrolle, dass wir aus dem Einsatz entbunden wurden und nach Trebur zur\u00fcckfahren konnten.<br \/>\n<strong><br \/>\nDienstag, den 11.08.2026<br \/>\n16:31 Uhr \u2013 F3 \u2013 BMA-Feueralarm im Gewerbegebiet (Ginsheim-Gustavsburg)<\/strong><br \/>\nDie Alarmierung galt unserem Messteam, welches sich mit dem Messfahrzeug bereits wenige Minuten sp\u00e4ter in Richtung Gustavsburg in Bewegung setzte. Nach der ersten R\u00fcckmeldung durch die dortigen Kollegen wurde der Einsatz f\u00fcr uns durch die Leitstelle abgebrochen.<\/p>\n<p><strong>Dienstag, den 11.08.2026<br \/>\n20:50 Uhr \u2013 R1 \u2013 First-Responder-Einsatz (Taunusstra\u00dfe)<\/strong><br \/>\nAufgrund der Anwesenheit beim \u00dcbungsabend wurden wir wegen der Dringlichkeit noch vor dem Rettungsdienst alarmiert. So konnten zwei Kameraden innerhalb von vier Minuten zum Patienten fahren und bis zum Eintreffen des Rettungsdienstes die erkrankte Person betreuen.<\/p>\n<p><strong>Freitag, den 14.08.2026<br \/>\n12:22 Uhr \u2013 F Wald 1 \u2013 Waldbrand (M\u00f6rfelden, am Schwimmbad)<\/strong><br \/>\nUnd wieder war es eine Alarmierung f\u00fcr den AKUT-L\u00f6schzug. So unterst\u00fctzten wir gemeinsam mit den Astheimer Kollegen beim dortigen Waldbrand die Nachl\u00f6sch- und Aufr\u00e4umarbeiten. Knapp drei Stunden sp\u00e4ter konnten unsere und die Astheimer Einsatzkr\u00e4fte die Aktion beenden und zu unseren Ger\u00e4teh\u00e4usern zur\u00fcckfahren.<\/p>\n<p><strong>Mittwoch, den 19.08.2026<br \/>\n06:32 Uhr \u2013 H1Y \u2013 Notfallt\u00fcr\u00f6ffnung (Friedhofstra\u00dfe)<\/strong><br \/>\nBei unserem Eintreffen befand sich der Rettungsdienst bereits in der Wohnung und beim Patienten. Wir unterst\u00fctzten beim Transport zum Rettungswagen und \u00fcbergaben anschlie\u00dfend die ge\u00f6ffnete Wohnung an die Pflegekraft.<\/p>\n<p><strong>Mittwoch, den 26.08.2026<br \/>\n10:32 Uhr \u2013 Unterst\u00fctzung Rettungsdienst (Buchenstra\u00dfe)<\/strong><br \/>\nHier unterst\u00fctzten wir den Rettungsdienst beim Transport einer verletzten Person aus der Wohnung zum Rettungswagen.<\/p>\n<p>Mit dieser \u00dcbersicht des Einsatzgeschehens im August 2026 verbleiben wir<br \/>\n<em>Ihre Treburer Feuerwehr<\/em><\/p>\n","protected":false},"excerpt":{"rendered":"<p>Der vergangene August war wieder sehr hei\u00df. So verzeichneten wir sieben Eins\u00e4tze, von denen wir Ihnen hier kurz berichten m\u00f6chten. Sonntag, den 02.08.2026 15:51 Uhr \u2013 H1Y \u2013 Notfallt\u00fcr\u00f6ffnung (Platanenstra\u00dfe) Hier verschafften wir der Polizei und dem Rettungsdienst Zugang zu einem Geb\u00e4ude, in dem eine vermisste Person<\/p>\n","protected":false},"author":6,"featured_media":236,"comment_status":"closed","ping_status":"closed","sticky":false,"template":"","format":"standard","meta":{"footnotes":"","_links_to":"","_links_to_target":""},"categories":[1],"tags":[],"class_list":["post-4780","post","type-post","status-publish","format-standard","has-post-thumbnail","hentry","category-allgemein"],"_links":{"self":[{"href":"https:\/\/www.feuerwehr-trebur.org\/web\/wp-json\/wp\/v2\/posts\/4780","targetHints":{"allow":["GET"]}}],"collection":[{"href":"https:\/\/www.feuerwehr-trebur.org\/web\/wp-json\/wp\/v2\/posts"}],"about":[{"href":"https:\/\/www.feuerwehr-trebur.org\/web\/wp-json\/wp\/v2\/types\/post"}],"author":[{"embeddable":true,"href":"https:\/\/www.feuerwehr-trebur.org\/web\/wp-json\/wp\/v2\/users\/6"}],"replies":[{"embeddable":true,"href":"https:\/\/www.feuerwehr-trebur.org\/web\/wp-json\/wp\/v2\/comments?post=4780"}],"version-history":[{"count":1,"href":"https:\/\/www.feuerwehr-trebur.org\/web\/wp-json\/wp\/v2\/posts\/4780\/revisions"}],"predecessor-version":[{"id":4781,"href":"https:\/\/www.feuerwehr-trebur.org\/web\/wp-json\/wp\/v2\/posts\/4780\/revisions\/4781"}],"wp:featuredmedia":[{"embeddable":true,"href":"https:\/\/www.feuerwehr-trebur.org\/web\/wp-json\/wp\/v2\/media\/236"}],"wp:attachment":[{"href":"https:\/\/www.feuerwehr-trebur.org\/web\/wp-json\/wp\/v2\/media?parent=4780"}],"wp:term":[{"taxonomy":"category","embeddable":true,"href":"https:\/\/www.feuerwehr-trebur.org\/web\/wp-json\/wp\/v2\/categories?post=4780"},{"taxonomy":"post_tag","embeddable":true,"href":"https:\/\/www.feuerwehr-trebur.org\/web\/wp-json\/wp\/v2\/tags?post=4780"}],"curies":[{"name":"wp","href":"https:\/\/api.w.org\/{rel}","templated":true}]}}