{"id":4456,"date":"2025-10-03T23:46:25","date_gmt":"2025-10-03T21:46:25","guid":{"rendered":"https:\/\/www.feuerwehr-trebur.org\/web\/?p=4456"},"modified":"2025-10-03T23:46:25","modified_gmt":"2025-10-03T21:46:25","slug":"chronik-des-monats-september-2025","status":"publish","type":"post","link":"https:\/\/www.feuerwehr-trebur.org\/web\/chronik-des-monats-september-2025\/","title":{"rendered":"Chronik des Monats September 2025"},"content":{"rendered":"<p>Auch der vergangene September ging nicht ohne Alarmierungen an uns vorbei. So verzeichneten wir sechs Eins\u00e4tze, von denen wir Ihnen hier kurz berichten m\u00f6chten.<\/p>\n<p><strong>Samstag, 06.09.2025 \u2013 01:33 Uhr<br \/>\nF1 \u2013 brennt PKW (Lindenstra\u00dfe)<\/strong><br \/>\n\u00dcber Meldeempf\u00e4nger wurden wir in dieser Nacht aus dem Schlaf gerissen. Beim Eintreffen am gemeldeten Schadensort war zu erkennen, dass an einem Fahrzeug absichtlich Feuer gelegt worden war. Dieses wurde rechtzeitig von Anwohnern entdeckt und gel\u00f6scht. Wir kontrollierten mit der W\u00e4rmebildkamera nochmals das gesamte Fahrzeug. Nachdem diese Ma\u00dfnahme negativ verlief, \u00fcbergaben wir die Einsatzstelle zur weiteren Ermittlung an die Polizei. Knapp zehn Minuten sp\u00e4ter war f\u00fcr unsere neun Einsatzkr\u00e4fte die Aktion beendet und die Nachtruhe konnte wieder einkehren.<\/p>\n<p><strong>Montag, 08.09.2025 \u2013 04:39 Uhr<br \/>\nF1 \u2013 brennt M\u00fcllbeh\u00e4lter (Obere Pforte)<\/strong><br \/>\nBeim Eintreffen an der Brandstelle war eine M\u00fclltonne bereits heruntergebrannt und vom Geb\u00e4ude entfernt worden. In einem zweiten M\u00fcllbeh\u00e4lter war ebenfalls noch Feuerschein zu sehen. Mit dem Schnellangriffsrohr vom LF wurden beide Feuer abgel\u00f6scht und im Nachgang mit der W\u00e4rmebildkamera kontrolliert. Im Anschluss ermittelte auch hier die Polizei zur Brandursache. Gut 25 Minuten sp\u00e4ter war f\u00fcr unsere acht Helfer der Einsatz beendet.<\/p>\n<p><strong>Samstag, 13.09.2025 \u2013 01:38 Uhr<br \/>\nF \u2013 au\u00dferhalb, brennt PKW (Campingplatz am Kornsand)<\/strong><br \/>\nIn dieser Nacht unterst\u00fctzten wir unsere Kollegen in Geinsheim beim Brand von zwei PKW und einem Transporter. Wir stellten mit dem TLF die Wasserversorgung zum Geinsheimer L\u00f6schfahrzeug her, \u00fcbernahmen mit dem ELW die Einsatzkommunikation mit der Leitstelle und k\u00fcmmerten uns mit dem GW-Logistik um die Einsatzhygiene und den Abtransport der eingesetzten Schl\u00e4uche.<br \/>\nSo waren drei Frauen und sieben M\u00e4nner der Einsatzabteilung Trebur gemeinsam mit den Geinsheimer Einsatzkr\u00e4ften \u00fcber drei Stunden in Sachen Brandbek\u00e4mpfung aktiv.<\/p>\n<p><strong>Samstag, 20.09.2025 \u2013 22:57 Uhr<br \/>\nF2 \u2013 au\u00dferhalb, brennt Wohnwagen (Campingplatz am Kornsand)<\/strong><br \/>\nGleicher Einsatzort wie in der Vorwoche. Diesmal brannte ein Wohnwagen und Teile des dortigen Vereinsheims. Auch hier unterst\u00fctzten wir unsere Kollegen aus Geinsheim mit 18 Einsatzkr\u00e4ften bei der Brandbek\u00e4mpfung und Logistik.<\/p>\n<p><strong>Samstag, 27.09.2025 \u2013 11:57 Uhr<br \/>\nH1 Y \u2013 Unterst\u00fctzung Rettungsdienst (Buchenstra\u00dfe)<\/strong><br \/>\nWir halfen dem Rettungsdienst bei der Bergung einer erkrankten Person vom Dachboden eines Hauses. Um die Person schonend zu transportieren, wurden die Nauheimer Kollegen mit der Drehleiter hinzugezogen. Insgesamt befanden wir uns mit drei Fahrzeugen und zw\u00f6lf Helfern im Einsatz.<\/p>\n<p><strong>Sonntag, 28.09.2025 \u2013 18:15 Uhr<br \/>\nH1 Y \u2013 Verkehrsunfall eCall-Notruf (Steindamm)<\/strong><br \/>\nWas zuerst wie ein Verkehrsunfall klang, entpuppte sich sp\u00e4ter als etwas skurriler Einsatz. So wurden wir in Richtung Rhein alarmiert. Der von der Leitstelle per Lageplan angegebene Unfallort lag mitten im Naturschutzgebiet der Unterau und war mit unseren schweren Fahrzeugen nicht zu erreichen. Ein Trupp machte sich sofort fu\u00dfl\u00e4ufig auf den Weg, ein weiterer Trupp fand kurzerhand einen Anwohner, der uns mit seinem wendigen Allradfahrzeug bei der Suche unterst\u00fctzte. So wurde der vermeintliche Unfallort in wenigen Minuten erreicht.<br \/>\nBei der Ankunft kam uns ein erstaunter junger Mann entgegen, der vom Aufgebot der Rettungskr\u00e4fte sichtlich \u00fcberrascht war.<br \/>\nWas war passiert?<br \/>\nEr hatte in diesem Gebiet eine Drohne mit einem iPhone fliegen lassen, die dann abst\u00fcrzte. W\u00e4hrend er bereits auf der Suche war, l\u00f6ste das iPhone durch den Aufprall einen automatischen Notruf aus. (Neuere iPhones sind mit Sensoren ausgestattet, die nach einem harten Aufprall zun\u00e4chst einen Alarmton ausgeben und \u2013 wenn dieser nach 20 Sekunden nicht quittiert wird \u2013 einen Notruf an die Leitstelle senden.)<br \/>\nSomit war der Fall f\u00fcr uns eindeutig und wir konnten die Aktion abbrechen. Neben unseren drei Fahrzeugen mit elf Einsatzkr\u00e4ften waren auch der Rettungsdienst und der Polizeihubschrauber im Einsatz. Ob dies f\u00fcr den Verursacher weitere Konsequenzen hat, entscheiden Polizei und Ordnungsamt.<\/p>\n<p>Mit dieser kurzen \u00dcbersicht des Einsatzgeschehens im vergangenen September 2025 verbleiben wir<br \/>\n<em>Ihre Freiwillige Feuerwehr Trebur<\/em><\/p>\n","protected":false},"excerpt":{"rendered":"<p>Auch der vergangene September ging nicht ohne Alarmierungen an uns vorbei. So verzeichneten wir sechs Eins\u00e4tze, von denen wir Ihnen hier kurz berichten m\u00f6chten. Samstag, 06.09.2025 \u2013 01:33 Uhr F1 \u2013 brennt PKW (Lindenstra\u00dfe) \u00dcber Meldeempf\u00e4nger wurden wir in dieser Nacht aus dem Schlaf gerissen. Beim Eintreffen<\/p>\n","protected":false},"author":6,"featured_media":236,"comment_status":"closed","ping_status":"closed","sticky":false,"template":"","format":"standard","meta":{"footnotes":"","_links_to":"","_links_to_target":""},"categories":[1],"tags":[],"class_list":["post-4456","post","type-post","status-publish","format-standard","has-post-thumbnail","hentry","category-allgemein"],"_links":{"self":[{"href":"https:\/\/www.feuerwehr-trebur.org\/web\/wp-json\/wp\/v2\/posts\/4456","targetHints":{"allow":["GET"]}}],"collection":[{"href":"https:\/\/www.feuerwehr-trebur.org\/web\/wp-json\/wp\/v2\/posts"}],"about":[{"href":"https:\/\/www.feuerwehr-trebur.org\/web\/wp-json\/wp\/v2\/types\/post"}],"author":[{"embeddable":true,"href":"https:\/\/www.feuerwehr-trebur.org\/web\/wp-json\/wp\/v2\/users\/6"}],"replies":[{"embeddable":true,"href":"https:\/\/www.feuerwehr-trebur.org\/web\/wp-json\/wp\/v2\/comments?post=4456"}],"version-history":[{"count":1,"href":"https:\/\/www.feuerwehr-trebur.org\/web\/wp-json\/wp\/v2\/posts\/4456\/revisions"}],"predecessor-version":[{"id":4457,"href":"https:\/\/www.feuerwehr-trebur.org\/web\/wp-json\/wp\/v2\/posts\/4456\/revisions\/4457"}],"wp:featuredmedia":[{"embeddable":true,"href":"https:\/\/www.feuerwehr-trebur.org\/web\/wp-json\/wp\/v2\/media\/236"}],"wp:attachment":[{"href":"https:\/\/www.feuerwehr-trebur.org\/web\/wp-json\/wp\/v2\/media?parent=4456"}],"wp:term":[{"taxonomy":"category","embeddable":true,"href":"https:\/\/www.feuerwehr-trebur.org\/web\/wp-json\/wp\/v2\/categories?post=4456"},{"taxonomy":"post_tag","embeddable":true,"href":"https:\/\/www.feuerwehr-trebur.org\/web\/wp-json\/wp\/v2\/tags?post=4456"}],"curies":[{"name":"wp","href":"https:\/\/api.w.org\/{rel}","templated":true}]}}