{"id":4425,"date":"2025-09-01T11:00:42","date_gmt":"2025-09-01T09:00:42","guid":{"rendered":"https:\/\/www.feuerwehr-trebur.org\/web\/?p=4425"},"modified":"2025-09-01T11:00:42","modified_gmt":"2025-09-01T09:00:42","slug":"chronik-des-monats-august-2025","status":"publish","type":"post","link":"https:\/\/www.feuerwehr-trebur.org\/web\/chronik-des-monats-august-2025\/","title":{"rendered":"Chronik des Monats August 2025"},"content":{"rendered":"<p>Der vergangene August war ein sehr ruhiger Monat. So verzeichneten wir sechs kleine Eins\u00e4tze, von denen wir Ihnen hier kurz berichten m\u00f6chten.<\/p>\n<p><strong>Montag, 04.08.2025 \u2013 01:35 Uhr<br \/>\nF RWM \u2013 Feueralarm Rauchwarnmelder (Hauptstra\u00dfe)<\/strong><br \/>\nIn dieser Nacht sorgte das Piepen eines Rauchmelders f\u00fcr etwas Aufregung an der TV-Turnhalle. Durch das laute Piepen wurde die Nachbarschaft aufmerksam und alarmierte daraufhin die Feuerwehr. Nach unserem Eintreffen wurde der P\u00e4chter informiert, der uns das Geb\u00e4ude zeitnah \u00f6ffnen konnte. Nach intensiver Erkundung wurde ein ausgel\u00f6ster Rauchwarnmelder auf dem Dachboden festgestellt. Da es in dessen Detektionsbereich weder Rauch noch Feuer gab, wurde der Melder demontiert und der Hausmeister \u00fcber den Vorfall informiert. Nach gut einer Stunde war die Aktion f\u00fcr unsere 12 Einsatzkr\u00e4fte beendet.<\/p>\n<p><strong>Montag, 04.08.2025 \u2013 08:50 Uhr<br \/>\nF RWM \u2013 Feueralarm Rauchwarnmelder (Hauptstra\u00dfe)<\/strong><br \/>\nWie bereits in der Nacht zuvor hatte der demontierte und gesicherte Rauchwarnmelder erneut ausgel\u00f6st und die Nachbarschaft zur Alarmierung der Feuerwehr veranlasst. Um eine weitere Fehlalarmierung zu vermeiden, wurden die Batteriekabel des RWM durchtrennt und der Melder an den Hausmeister \u00fcbergeben. Bereits 30 Minuten sp\u00e4ter war der Einsatz wieder beendet.<\/p>\n<p><strong>Dienstag, 12.08.2025 \u2013 20:55 Uhr<br \/>\nH1 \u2013 Hilfeleistung nach VU (Astheimer Stra\u00dfe)<\/strong><br \/>\nAn diesem Abend traf sich unsere Alters- &amp; Ehrenabteilung am Feuerwehrhaus zur monatlichen Gespr\u00e4chsrunde. Kurz nach der Zusammenkunft kam es zu einem Knall, was nichts Gutes vermuten lie\u00df. Direkt vor unserer Zufahrt war ein Pkw mit einem Motorrad kollidiert. Ein Kollege leistete umgehend Erste Hilfe beim verletzten Motorradfahrer, w\u00e4hrend ein anderer Kamerad den Notruf absetzte. Bis zum Eintreffen des Rettungsdienstes wurde der Verletzte durch uns betreut, die Unfallstelle abgesichert und nach der Unfallaufnahme durch die Polizei die Tr\u00fcmmerteile beseitigt.<br \/>\nIm Einsatz befanden sich 2 Alterskameraden und 2 aktive Einsatzkr\u00e4fte.<\/p>\n<p><strong>Freitag, 15.08.2025 \u2013 17:04 Uhr<br \/>\nF1 \u2013 Brennt LKW (L 3012 in Fahrtrichtung Geinsheim)<\/strong><br \/>\nAn diesem Nachmittag alarmierte uns die Leitstelle zu obigem \u201eBrandeinsatz\u201c. Ein solcher Brand war jedoch nicht festzustellen. Lediglich ein Lkw, dessen Partikelfilter verstopft war und automatisch gereinigt wurde, hatte vermutlich die Rauchentwicklung verursacht. So konnte die Aktion mit 12 Einsatzkr\u00e4ften und 2 Fahrzeugen bereits nach 20 Minuten beendet werden.<\/p>\n<p><strong>Freitag, 29.08.2025 \u2013 19:40 Uhr<br \/>\nR2 \u2013 Reanimation (Weingartenstra\u00dfe, Gro\u00df-Gerau)<\/strong><br \/>\nDie Betreuer der Jugendfeuerwehr waren auf dem R\u00fcckweg von der Atemschutzstrecke in Gro\u00df-Gerau, als die Mobile-Retter-App ausl\u00f6ste. Da sich keine Mitglieder der Jugendfeuerwehr im Fahrzeug befanden, konnte umgehend die Einsatzstelle angefahren werden. Hier unterst\u00fctzten wir den Rettungsdienst bei der Reanimation.<\/p>\n<p><strong>Sonntag, 31.08.2025 \u2013 20:21 Uhr<br \/>\nH Klemm 1Y \u2013 Verkehrsunfall, eingeklemmte Person (Geinsheim am Br\u00fcckelchen)<\/strong><br \/>\nBei einem solchen Meldebild l\u00f6st die Leitstelle immer Sirene und Meldeempf\u00e4nger aus \u2013 so auch an diesem Abend. Das TLF, der ELW und der VRW r\u00fcckten bereits wenige Minuten nach der Alarmierung in Richtung Geinsheim aus. Gl\u00fccklicherweise konnte der Einsatz kurz darauf wieder abgebrochen werden, da die Kollegen aus Geinsheim eine R\u00fcckmeldung gaben, wonach sich niemand mehr im verunfallten Fahrzeug befand. So war nach knapp 10 Minuten f\u00fcr unsere 12 Einsatzkr\u00e4fte der Spuk wieder vorbei.<br \/>\nMit dieser kurzen \u00dcbersicht des Einsatzgeschehens im August 2025 verbleiben wir<\/p>\n<p><em>Ihre Freiwillige Feuerwehr Trebur<\/em><\/p>\n","protected":false},"excerpt":{"rendered":"<p>Der vergangene August war ein sehr ruhiger Monat. So verzeichneten wir sechs kleine Eins\u00e4tze, von denen wir Ihnen hier kurz berichten m\u00f6chten. Montag, 04.08.2025 \u2013 01:35 Uhr F RWM \u2013 Feueralarm Rauchwarnmelder (Hauptstra\u00dfe) In dieser Nacht sorgte das Piepen eines Rauchmelders f\u00fcr etwas Aufregung an der TV-Turnhalle.<\/p>\n","protected":false},"author":6,"featured_media":236,"comment_status":"closed","ping_status":"closed","sticky":false,"template":"","format":"standard","meta":{"footnotes":"","_links_to":"","_links_to_target":""},"categories":[1],"tags":[],"class_list":["post-4425","post","type-post","status-publish","format-standard","has-post-thumbnail","hentry","category-allgemein"],"_links":{"self":[{"href":"https:\/\/www.feuerwehr-trebur.org\/web\/wp-json\/wp\/v2\/posts\/4425","targetHints":{"allow":["GET"]}}],"collection":[{"href":"https:\/\/www.feuerwehr-trebur.org\/web\/wp-json\/wp\/v2\/posts"}],"about":[{"href":"https:\/\/www.feuerwehr-trebur.org\/web\/wp-json\/wp\/v2\/types\/post"}],"author":[{"embeddable":true,"href":"https:\/\/www.feuerwehr-trebur.org\/web\/wp-json\/wp\/v2\/users\/6"}],"replies":[{"embeddable":true,"href":"https:\/\/www.feuerwehr-trebur.org\/web\/wp-json\/wp\/v2\/comments?post=4425"}],"version-history":[{"count":1,"href":"https:\/\/www.feuerwehr-trebur.org\/web\/wp-json\/wp\/v2\/posts\/4425\/revisions"}],"predecessor-version":[{"id":4428,"href":"https:\/\/www.feuerwehr-trebur.org\/web\/wp-json\/wp\/v2\/posts\/4425\/revisions\/4428"}],"wp:featuredmedia":[{"embeddable":true,"href":"https:\/\/www.feuerwehr-trebur.org\/web\/wp-json\/wp\/v2\/media\/236"}],"wp:attachment":[{"href":"https:\/\/www.feuerwehr-trebur.org\/web\/wp-json\/wp\/v2\/media?parent=4425"}],"wp:term":[{"taxonomy":"category","embeddable":true,"href":"https:\/\/www.feuerwehr-trebur.org\/web\/wp-json\/wp\/v2\/categories?post=4425"},{"taxonomy":"post_tag","embeddable":true,"href":"https:\/\/www.feuerwehr-trebur.org\/web\/wp-json\/wp\/v2\/tags?post=4425"}],"curies":[{"name":"wp","href":"https:\/\/api.w.org\/{rel}","templated":true}]}}