{"id":4412,"date":"2025-08-06T17:45:15","date_gmt":"2025-08-06T15:45:15","guid":{"rendered":"https:\/\/www.feuerwehr-trebur.org\/web\/?p=4412"},"modified":"2025-08-06T17:45:15","modified_gmt":"2025-08-06T15:45:15","slug":"chronik-des-monats-juli-2025","status":"publish","type":"post","link":"https:\/\/www.feuerwehr-trebur.org\/web\/chronik-des-monats-juli-2025\/","title":{"rendered":"Chronik des Monats Juli 2025"},"content":{"rendered":"<p>Auch der vergangene Juli war wieder etwas arbeitsreicher. So verzeichneten wir sechs kleinere Eins\u00e4tze, von denen wir Ihnen hier kurz berichten m\u00f6chten.<\/p>\n<p><strong>Dienstag, 01.07.2025<br \/>\n17:14 Uhr \u2013 F BMA \u2013 Brandmeldeanlage ausgel\u00f6st (Schulgeb\u00e4ude Theobaldstra\u00dfe)<\/strong><br \/>\nWie bereits am Vortag hatte die interne Brandmeldeanlage ausgel\u00f6st und die Schulleiterin zur Alarmierung der Feuerwehr veranlasst. Es war erneut derselbe Melder wie zuvor.<br \/>\nDieser wurde zur\u00fcckgesetzt und die Anlage wieder aktiviert. An diesem vermeintlichen Einsatz (der f\u00fcr den Verursacher kostenpflichtig ist) waren elf Helfer mit zwei Fahrzeugen beteiligt.<\/p>\n<p><strong>Mittwoch, 02.07.2025<br \/>\n20:20 Uhr \u2013 H1 \u2013 Hilfeleistung: Loch in Fahrbahndecke (Nahestra\u00dfe)<\/strong><br \/>\n\u00dcber Telefon wurden wir \u00fcber dieses Vorkommnis informiert. Da der Bauhof zu dieser Uhrzeit nicht mehr besetzt war, fuhren zwei Einsatzkr\u00e4fte mit dem VRW zur gemeldeten Schadensstelle. Hier war der Stra\u00dfenbelag auf etwa einen Quadratmeter eingebrochen, und es bestand eine Gefahr f\u00fcr die Verkehrsteilnehmer. Das Loch wurde mit zwei Warnbaken und Flatterband gesichert. Nach gut 20 Minuten war auch diese Aktion beendet.<\/p>\n<p><strong>Dienstag, 08.07.2025<br \/>\n20:15 Uhr \u2013 F 2Y \u2013 Wohnungsbrand (Geinsheim, Neugasse)<\/strong><br \/>\nGerade waren die Schl\u00e4uche ausgerollt und die dienst\u00e4gliche \u00dcbung im Gange, als die Meldeempf\u00e4nger ert\u00f6nten und die \u00dcbung schlagartig unterbrachen. Hektisch wurden die Fahrzeuge wieder beladen, und wir starteten Richtung Geinsheim. Gl\u00fccklicherweise wurde die Alarmfahrt bald abgebrochen, da die Kollegen in Geinsheim bereits vor Ort waren und es sich \u201enur\u201c um angebranntes Kochgut handelte.<\/p>\n<p><strong>Montag, 21.07.2025<br \/>\n10:12 Uhr \u2013 H1Y VU \u2013 Verkehrsunfall mit vier Fahrzeugen (Kreuzungsbereich L3012\/K159 \u2013 Astheimer Kreuz)<\/strong><br \/>\nAn der oben genannten Kreuzung kam es zu einer Kollision von vier Fahrzeugen. Beim Eintreffen wurden die verletzten Personen bereits durch den Rettungsdienst betreut. Unsere Aufgaben bestanden darin, den Brandschutz sicherzustellen, auslaufende Betriebsfl\u00fcssigkeiten aufzunehmen, die Batterien der besch\u00e4digten Fahrzeuge abzuklemmen und die Einsatzkr\u00e4fte vor dem flie\u00dfenden Verkehr zu sichern. Dazu wurde die gesamte Landstra\u00dfe von der Kreuzung bis zum Kreisel an der Ortseinfahrt gesperrt. Im Anschluss an die Bergungsarbeiten wurden Fahrzeugteile von der Fahrbahn gesammelt und die Stra\u00dfe von ausgelaufenem K\u00fchlmittel gereinigt. Nach R\u00fccksprache mit der Polizei wurde der Verkehr wieder freigegeben. Im Einsatz waren zehn Helfer mit drei Fahrzeugen.<\/p>\n<p><strong>Montag, 21.07.2025<br \/>\n18:21 Uhr \u2013 Unwetter-Alarm \u2013 Gro\u00dfer Ast auf Fahrbahn (R\u00fcsselsheimer Stra\u00dfe)<\/strong><br \/>\nNach dem Durchzug eines schweren Gewittersturms wurden wir zu der oben genannten Schadensstelle alarmiert. Mit dem ELW und zwei Einsatzkr\u00e4ften wurde vorab erkundet. Das Hindernis wurde umgehend von der Stra\u00dfe gezogen und in den Gr\u00fcnstreifen verbracht.<br \/>\nBei dem vorgefundenen Schadensbild sollte sich der\/die Anrufer\/in vielleicht einmal Gedanken machen, ob hier wirklich die Feuerwehr ben\u00f6tigt wird \u2013 oder ob das \u00dcbel nicht vielleicht selbst oder mithilfe von Passanten bzw. der Nachbarschaft beseitigt werden kann.<\/p>\n<p><strong>Dienstag, 22.07.2025<br \/>\n19:38 Uhr \u2013 F1 \u2013 Unklare Rauchentwicklung innerorts (Fischergasse)<\/strong><br \/>\n\u00dcber den Notruf 112 meldete ein besorgter B\u00fcrger den Vorfall bei der Leitstelle, welche uns umgehend alarmierte. Bereits auf der Anfahrt war die Rauchentwicklung aus der Hauptstra\u00dfe erkennbar.<br \/>\nNach genauer Erkundung stellte sich heraus, dass es sich um ein nicht angemeldetes Nutzfeuer in einem Garten handelte. Der Verursacher wurde \u00fcber sein Verhalten belehrt. Nachdem er uns versicherte, das Feuer zu l\u00f6schen, verlie\u00dfen wir bereits vier Minuten sp\u00e4ter die vermeintliche Einsatzstelle.<\/p>\n<p>Mit dieser kurzen \u00dcbersicht des Einsatzgeschehens im Juli 2025 verbleiben wir<\/p>\n<p><em>Ihre Freiwillige Feuerwehr Trebur<\/em><\/p>\n","protected":false},"excerpt":{"rendered":"<p>Auch der vergangene Juli war wieder etwas arbeitsreicher. So verzeichneten wir sechs kleinere Eins\u00e4tze, von denen wir Ihnen hier kurz berichten m\u00f6chten. Dienstag, 01.07.2025 17:14 Uhr \u2013 F BMA \u2013 Brandmeldeanlage ausgel\u00f6st (Schulgeb\u00e4ude Theobaldstra\u00dfe) Wie bereits am Vortag hatte die interne Brandmeldeanlage ausgel\u00f6st und die Schulleiterin zur<\/p>\n","protected":false},"author":6,"featured_media":236,"comment_status":"closed","ping_status":"closed","sticky":false,"template":"","format":"standard","meta":{"footnotes":"","_links_to":"","_links_to_target":""},"categories":[1],"tags":[],"class_list":["post-4412","post","type-post","status-publish","format-standard","has-post-thumbnail","hentry","category-allgemein"],"_links":{"self":[{"href":"https:\/\/www.feuerwehr-trebur.org\/web\/wp-json\/wp\/v2\/posts\/4412","targetHints":{"allow":["GET"]}}],"collection":[{"href":"https:\/\/www.feuerwehr-trebur.org\/web\/wp-json\/wp\/v2\/posts"}],"about":[{"href":"https:\/\/www.feuerwehr-trebur.org\/web\/wp-json\/wp\/v2\/types\/post"}],"author":[{"embeddable":true,"href":"https:\/\/www.feuerwehr-trebur.org\/web\/wp-json\/wp\/v2\/users\/6"}],"replies":[{"embeddable":true,"href":"https:\/\/www.feuerwehr-trebur.org\/web\/wp-json\/wp\/v2\/comments?post=4412"}],"version-history":[{"count":1,"href":"https:\/\/www.feuerwehr-trebur.org\/web\/wp-json\/wp\/v2\/posts\/4412\/revisions"}],"predecessor-version":[{"id":4413,"href":"https:\/\/www.feuerwehr-trebur.org\/web\/wp-json\/wp\/v2\/posts\/4412\/revisions\/4413"}],"wp:featuredmedia":[{"embeddable":true,"href":"https:\/\/www.feuerwehr-trebur.org\/web\/wp-json\/wp\/v2\/media\/236"}],"wp:attachment":[{"href":"https:\/\/www.feuerwehr-trebur.org\/web\/wp-json\/wp\/v2\/media?parent=4412"}],"wp:term":[{"taxonomy":"category","embeddable":true,"href":"https:\/\/www.feuerwehr-trebur.org\/web\/wp-json\/wp\/v2\/categories?post=4412"},{"taxonomy":"post_tag","embeddable":true,"href":"https:\/\/www.feuerwehr-trebur.org\/web\/wp-json\/wp\/v2\/tags?post=4412"}],"curies":[{"name":"wp","href":"https:\/\/api.w.org\/{rel}","templated":true}]}}