{"id":4367,"date":"2025-07-04T21:38:10","date_gmt":"2025-07-04T19:38:10","guid":{"rendered":"https:\/\/www.feuerwehr-trebur.org\/web\/?p=4367"},"modified":"2025-07-04T21:38:10","modified_gmt":"2025-07-04T19:38:10","slug":"chronik-des-monats-juni-2025","status":"publish","type":"post","link":"https:\/\/www.feuerwehr-trebur.org\/web\/chronik-des-monats-juni-2025\/","title":{"rendered":"Chronik des Monats Juni 2025"},"content":{"rendered":"<p>Der Juni war wieder etwas arbeitsreicher als der Vormonat. So verzeichneten wir neun Eins\u00e4tze, von denen wir Ihnen hier kurz berichten m\u00f6chten.<\/p>\n<p><strong>Mittwoch, den 04.06.2025<br \/>\n06:19 Uhr \u2013 F1 Brand M\u00fcllcontainer (Astheim)<\/strong><br \/>\nHier wurden wir \u00fcber die Leitstelle mitalarmiert, brauchten jedoch nicht auszur\u00fccken, da unsere Astheimer Kollegen den Brand bereits gel\u00f6scht hatten.<\/p>\n<p><strong>Freitag, den 13.06.2025<br \/>\n02:10 Uhr \u2013 Einsatz AKUT L\u00f6schzug (R\u00fcsselsheim)<\/strong><br \/>\nAn diesem Morgen r\u00fcckte ein Team der Treburer Feuerwehr nach R\u00fcsselsheim aus. Im Stadtteil Bauschheim brannte eine Wohnscheune, und alle R\u00fcsselsheimer Einsatzkr\u00e4fte waren dort gebunden. Um den Grundschutz in R\u00fcsselsheim sicherzustellen, besetzten wir die dortige Feuerwache. Au\u00dfer einem Fehlalarm durch eine Sprinkleranlage in einem Einkaufsmarkt mussten wir nicht weiter ausr\u00fccken.<\/p>\n<p><strong>Montag, den 16.06.2025<br \/>\n18:58 Uhr \u2013 F2 Rauchentwicklung aus Geb\u00e4ude (Friedhofstra\u00dfe)<\/strong><br \/>\nBereits wenige Minuten nach der Alarmierung war der Einsatzleitwagen auf dem Weg zur Brandstelle. Da von Weitem eine gro\u00dfe Rauchs\u00e4ule zu sehen war, wurde der Alarm auf F2Y hochgestuft und zus\u00e4tzlich \u00fcber Sirene nachalarmiert.<br \/>\nBei unserer Ankunft war Feuerschein aus den r\u00fcckw\u00e4rtigen Fenstern erkennbar, und das Terrassendach im 1. Obergeschoss stand im Vollbrand. Da sich das ruin\u00f6se Geb\u00e4ude seit L\u00e4ngerem im Leerstand befindet, war nicht mit gef\u00e4hrdeten Personen zu rechnen. Wir konzentrierten uns daher in erster Linie auf die Brandbek\u00e4mpfung.<br \/>\nHierzu mussten zun\u00e4chst das Hoftor und die Haust\u00fcr gewaltsam ge\u00f6ffnet werden. Mit zwei C-Rohren vom LF 16 und unter Atemschutz wurden die ersten L\u00f6schma\u00dfnahmen eingeleitet. Kurze Zeit sp\u00e4ter unterst\u00fctzten uns die Kollegen aus Astheim mit einem weiteren C-Rohr \u00fcber die Steckleiter beim Abl\u00f6schen der Balkonabdeckung. Die Wasserversorgung erfolgte \u00fcber das TLF, das \u00fcber den Feuerl\u00f6schbrunnen in der Astheimer Stra\u00dfe eingespeist wurde.<br \/>\nNach gut zehn Minuten war der Brand weitgehend gel\u00f6scht, und es folgten Nachl\u00f6scharbeiten. Hierbei unterst\u00fctzte uns die Drehleiter aus Nauheim bei der \u00dcberpr\u00fcfung des Daches auf m\u00f6gliche Glutnester.<br \/>\nAnschlie\u00dfend wurde das gesamte Geb\u00e4ude inklusive Keller mit der W\u00e4rmebildkamera kontrolliert. Im fast zweist\u00fcndigen Einsatz waren 22 Einsatzkr\u00e4fte mit f\u00fcnf Fahrzeugen aus Trebur sowie die weiteren Ortsteilwehren der Gro\u00dfgemeinde und die Feuerwehr Nauheim mit der Drehleiter beteiligt.<\/p>\n<p><strong>Montag, den 16.06.2025<br \/>\n22:00 Uhr \u2013 Brandnachschau Geb\u00e4ude (Friedhofstra\u00dfe)<\/strong><br \/>\nIm oben genannten Brandobjekt wurde mit der W\u00e4rmebildkamera erneut \u00fcberpr\u00fcft, ob die vorherigen L\u00f6schma\u00dfnahmen erfolgreich waren und keine Glutnester mehr vorhanden sind. Nachdem dies negativ verlief, wurde die Brandstelle an die Polizei \u00fcbergeben und von dieser versiegelt. Etwa 30 Minuten sp\u00e4ter war der Einsatz f\u00fcr unsere drei Helfer beendet.<\/p>\n<p><strong>Dienstag, den 17.06.2025<br \/>\n11:11 Uhr \u2013 F3 Rauchentwicklung innerorts (Industriegebiet Ginsheim-Gustavsburg)<\/strong><br \/>\nHier wurde eine spezielle F\u00fchrungsgruppe (f\u00fcr dieses Objekt) \u00fcber die Leitstelle alarmiert. Mit zwei Fahrzeugen und vier Einsatzkr\u00e4ften wurde der dortige Bereitstellungsraum (ein Bereich, in dem die \u00f6rtliche Einsatzleitung Personal und Ger\u00e4t abrufen kann) angefahren. Nach wenigen Minuten wurde der Einsatz f\u00fcr die \u00fcber\u00f6rtlichen Einheiten abgebrochen, und unsere Kr\u00e4fte konnten nach Trebur zur\u00fcckkehren.<\/p>\n<p><strong>Dienstag, den 17.06.2025<br \/>\n21:51 Uhr \u2013 H1Y VU eCall \u2013 Automatischer Notruf (Fichtenstra\u00dfe)<\/strong><br \/>\nNoch w\u00e4hrend unseres \u00dcbungsabends erreichte uns diese Meldung \u00fcber die Leitstelle. Da sich die Einsatzfahrzeuge auf der R\u00fcckfahrt von der \u00dcbung befanden, waren sie innerhalb von ein bis zwei Minuten an der vermeintlichen Unfallstelle.<br \/>\nVor Ort stellte sich schnell heraus, dass durch eine Fehlbedienung der automatische Alarm ausgel\u00f6st worden war. Der Verursacher hatte auf die Nachfrage der Leitstelle nicht reagiert. Sobald sich nach Ausl\u00f6sung des Alarms niemand bei der Leitstelle meldet, wird automatisch der Rettungsapparat (Rettungsdienst \/ Feuerwehr \/ Polizei) in Gang gesetzt.<br \/>\nNach R\u00fccksprache mit dem PKW-Besitzer konnte der Sachverhalt gekl\u00e4rt und der Einsatz nach wenigen Minuten beendet werden.<br \/>\nHinweis:<br \/>\nFalls Ihr Fahrzeug \u00fcber eine solche Notrufeinrichtung verf\u00fcgt und diese \u2013 sei es durch einen Unfall oder eine Fehlfunktion \u2013 ausgel\u00f6st wird, sollten Sie, soweit m\u00f6glich, unbedingt mit der Leitstelle kommunizieren. So kann im Fall einer Fehlausl\u00f6sung eine gro\u00dffl\u00e4chige Alarmierung vermieden werden.<\/p>\n<p><strong>Donnerstag, den 19.06.2025<br \/>\n16:06 Uhr \u2013 H1Y VU \u2013 Unterst\u00fctzung Rettungsdienst (L 3040, Fahrtrichtung Nauheim)<\/strong><br \/>\nBei diesem Unfall sicherten wir die Einsatzstelle und halfen dem Rettungsdienst beim Verbringen der verletzten Person auf die Trage. Nach knapp 20 Minuten war der Einsatz f\u00fcr unsere sieben Helfer beendet.<\/p>\n<p><strong>Donnerstag, den 19.06.2025<br \/>\n19:50 Uhr \u2013 H FlussY \u2013 Person im Rhein<\/strong><br \/>\nZum zweiten Einsatz an diesem Tag wurde unser F\u00fchrungsteam mit dem ELW alarmiert. Der Einsatz konnte jedoch noch w\u00e4hrend der Anfahrt abgebrochen werden, da die Person selbstst\u00e4ndig das Ufer erreichte und sich anschlie\u00dfend entfernte.<\/p>\n<p><strong>Montag, den 30.06.2025<br \/>\n18:12 Uhr \u2013 F BMA \u2013 Brandmeldeanlage ausgel\u00f6st (Schulgeb\u00e4ude Theobaldstra\u00dfe)<\/strong><br \/>\nDie interne Brandmeldeanlage hatte ausgel\u00f6st und die Schulleiterin zur Alarmierung der Feuerwehr veranlasst. Nach Kontrolle der Anlage und \u00dcberpr\u00fcfung der Melder wurde festgestellt, dass ein Thermomelder im Technikraum des Aufzugs (bedingt durch die hohen Au\u00dfentemperaturen von \u00fcber 33 \u00b0C und \u00fcber 70 \u00b0C im Raum) den Alarm ausgel\u00f6st hatte. Der Melder wurde zur\u00fcckgesetzt, die Anlage wieder aktiviert und der Schulleitung \u00fcbergeben.<br \/>\nAn diesem Einsatz waren zehn Einsatzkr\u00e4fte mit zwei Fahrzeugen f\u00fcr etwa 45 Minuten beteiligt.<\/p>\n<p>Mit dieser kleinen \u00dcbersicht des Einsatzgeschehens im Juni 2025 verbleiben wir<\/p>\n<p><em>Ihre Treburer Feuerwehr<\/em><\/p>\n","protected":false},"excerpt":{"rendered":"<p>Der Juni war wieder etwas arbeitsreicher als der Vormonat. So verzeichneten wir neun Eins\u00e4tze, von denen wir Ihnen hier kurz berichten m\u00f6chten. Mittwoch, den 04.06.2025 06:19 Uhr \u2013 F1 Brand M\u00fcllcontainer (Astheim) Hier wurden wir \u00fcber die Leitstelle mitalarmiert, brauchten jedoch nicht auszur\u00fccken, da unsere Astheimer Kollegen<\/p>\n","protected":false},"author":6,"featured_media":236,"comment_status":"closed","ping_status":"closed","sticky":false,"template":"","format":"standard","meta":{"footnotes":"","_links_to":"","_links_to_target":""},"categories":[1],"tags":[],"class_list":["post-4367","post","type-post","status-publish","format-standard","has-post-thumbnail","hentry","category-allgemein"],"_links":{"self":[{"href":"https:\/\/www.feuerwehr-trebur.org\/web\/wp-json\/wp\/v2\/posts\/4367","targetHints":{"allow":["GET"]}}],"collection":[{"href":"https:\/\/www.feuerwehr-trebur.org\/web\/wp-json\/wp\/v2\/posts"}],"about":[{"href":"https:\/\/www.feuerwehr-trebur.org\/web\/wp-json\/wp\/v2\/types\/post"}],"author":[{"embeddable":true,"href":"https:\/\/www.feuerwehr-trebur.org\/web\/wp-json\/wp\/v2\/users\/6"}],"replies":[{"embeddable":true,"href":"https:\/\/www.feuerwehr-trebur.org\/web\/wp-json\/wp\/v2\/comments?post=4367"}],"version-history":[{"count":1,"href":"https:\/\/www.feuerwehr-trebur.org\/web\/wp-json\/wp\/v2\/posts\/4367\/revisions"}],"predecessor-version":[{"id":4370,"href":"https:\/\/www.feuerwehr-trebur.org\/web\/wp-json\/wp\/v2\/posts\/4367\/revisions\/4370"}],"wp:featuredmedia":[{"embeddable":true,"href":"https:\/\/www.feuerwehr-trebur.org\/web\/wp-json\/wp\/v2\/media\/236"}],"wp:attachment":[{"href":"https:\/\/www.feuerwehr-trebur.org\/web\/wp-json\/wp\/v2\/media?parent=4367"}],"wp:term":[{"taxonomy":"category","embeddable":true,"href":"https:\/\/www.feuerwehr-trebur.org\/web\/wp-json\/wp\/v2\/categories?post=4367"},{"taxonomy":"post_tag","embeddable":true,"href":"https:\/\/www.feuerwehr-trebur.org\/web\/wp-json\/wp\/v2\/tags?post=4367"}],"curies":[{"name":"wp","href":"https:\/\/api.w.org\/{rel}","templated":true}]}}