{"id":4344,"date":"2025-06-02T09:22:47","date_gmt":"2025-06-02T07:22:47","guid":{"rendered":"https:\/\/www.feuerwehr-trebur.org\/web\/?p=4344"},"modified":"2025-06-02T09:22:47","modified_gmt":"2025-06-02T07:22:47","slug":"chronik-des-monats-mai-2025","status":"publish","type":"post","link":"https:\/\/www.feuerwehr-trebur.org\/web\/chronik-des-monats-mai-2025\/","title":{"rendered":"Chronik des Monats Mai 2025"},"content":{"rendered":"<p>Der vergangene Mai war wieder ein sehr ruhiger Monat. So verzeichneten wir f\u00fcnf kleinere Eins\u00e4tze, \u00fcber die wir Ihnen hier kurz berichten m\u00f6chten.<\/p>\n<p><strong>Samstag, den 03.05.2025<br \/>\n22:25 Uhr Unklarer Feuerschein F- Wald (Trebur \u2013 Astheim, N\u00e4he Gewerbegebiet)<\/strong><br \/>\nSo lautete das Einsatzstichwort auf dem Alarmfax im Ger\u00e4tehaus, nachdem wir zuvor \u00fcber Meldeempf\u00e4nger alarmiert worden waren.<br \/>\nBereits sechs Minuten sp\u00e4ter war das TLF (Tankl\u00f6schfahrzeug) mit sechs und der ELW mit drei Einsatzkr\u00e4ften auf dem Weg zur vermeintlichen Brandstelle.<br \/>\nDie Astheimer Kollegen waren bereits vor Ort und gaben R\u00fcckmeldung, dass es sich um ein unangemeldetes Nutzfeuer handelt und der Verursacher das Feuer selbst l\u00f6schte.<br \/>\nSo konnten wir den Einsatz umgehend abbrechen und zum Ger\u00e4tehaus zur\u00fcckkehren.<\/p>\n<p><strong>Dienstag, den 06.05.2025<br \/>\n17:23 Uhr Ausfall der Tetra Alarmierung (Digitalfunk)<\/strong><br \/>\nUnsere Einsatzkr\u00e4fte wurden telefonisch \u00fcber die Lage informiert. Da es sich kreisweit um eine St\u00f6rung handelte und nicht sichergestellt war, dass die Meldeempf\u00e4nger funktionieren, wurde das Ger\u00e4tehaus besetzt und ein L\u00f6schfahrzeug mit Personal bereitgestellt. Zus\u00e4tzlich wurde ein analoger Notfunk eingerichtet.<br \/>\nNach knapp zweieinhalb Stunden war die St\u00f6rung beseitigt und die Bereitschaft wurde aufgehoben.<\/p>\n<p><strong>Sonntag, den 11.05.2025<br \/>\n10:47 Uhr H 1 Baum auf Stra\u00dfe (Riedweg bei Sandsteinbr\u00fccke)<\/strong><br \/>\nAuch am Muttertag waren wir f\u00fcr Sie im Einsatz.<br \/>\nEin abgebrochener Ast blockierte die Fahrbahn und behinderte damit den Rad \u2013 und Autoverkehr. Mittels Baum- und Motors\u00e4ge wurde das Bruchholz zerkleinert und von der Stra\u00dfe entfernt. W\u00e4hrend dieser Arbeiten musste der Riedweg f\u00fcr knapp 20 Minuten gesperrt werden. Anschlie\u00dfend konnte die Fahrbahn wieder freigeben und der Einsatz beendet werden.<\/p>\n<p><strong>Mittwoch, den 21.05.2025<br \/>\n14:09 Uhr F 3 Brand im ALDI Zentrallager (M\u00f6rfelden Hessenring)<\/strong><br \/>\nHier wurde unser Messteam alarmiert, das bereits auf der Anfahrt den Einsatz abbrechen konnte. Die M\u00f6rfelder Einsatzkr\u00e4fte hatten den Brand an einer PV Anlage schnell unter Kontrolle und gaben entsprechende R\u00fcckmeldungen. So waren unsere vier Helfer bereits nach 25 Minuten wieder zu Hause.<\/p>\n<p><strong>Mittwoch, den 28.05.2025<br \/>\n14:43 Uhr H1Y Unterst\u00fctzung des Rettungsdienstes<\/strong><br \/>\nMit sechs Einsatzkr\u00e4ften standen wir dem Rettungsdienst zur Seite.<\/p>\n<p>Mit dieser kurzen \u00dcbersicht des Einsatzgeschehens im Mai 2025 verbleiben wir<\/p>\n<p><em>Ihre Treburer Feuerwehr<\/em><\/p>\n","protected":false},"excerpt":{"rendered":"<p>Der vergangene Mai war wieder ein sehr ruhiger Monat. So verzeichneten wir f\u00fcnf kleinere Eins\u00e4tze, \u00fcber die wir Ihnen hier kurz berichten m\u00f6chten. Samstag, den 03.05.2025 22:25 Uhr Unklarer Feuerschein F- Wald (Trebur \u2013 Astheim, N\u00e4he Gewerbegebiet) So lautete das Einsatzstichwort auf dem Alarmfax im Ger\u00e4tehaus, nachdem<\/p>\n","protected":false},"author":6,"featured_media":236,"comment_status":"closed","ping_status":"closed","sticky":false,"template":"","format":"standard","meta":{"footnotes":"","_links_to":"","_links_to_target":""},"categories":[1],"tags":[],"class_list":["post-4344","post","type-post","status-publish","format-standard","has-post-thumbnail","hentry","category-allgemein"],"_links":{"self":[{"href":"https:\/\/www.feuerwehr-trebur.org\/web\/wp-json\/wp\/v2\/posts\/4344","targetHints":{"allow":["GET"]}}],"collection":[{"href":"https:\/\/www.feuerwehr-trebur.org\/web\/wp-json\/wp\/v2\/posts"}],"about":[{"href":"https:\/\/www.feuerwehr-trebur.org\/web\/wp-json\/wp\/v2\/types\/post"}],"author":[{"embeddable":true,"href":"https:\/\/www.feuerwehr-trebur.org\/web\/wp-json\/wp\/v2\/users\/6"}],"replies":[{"embeddable":true,"href":"https:\/\/www.feuerwehr-trebur.org\/web\/wp-json\/wp\/v2\/comments?post=4344"}],"version-history":[{"count":1,"href":"https:\/\/www.feuerwehr-trebur.org\/web\/wp-json\/wp\/v2\/posts\/4344\/revisions"}],"predecessor-version":[{"id":4345,"href":"https:\/\/www.feuerwehr-trebur.org\/web\/wp-json\/wp\/v2\/posts\/4344\/revisions\/4345"}],"wp:featuredmedia":[{"embeddable":true,"href":"https:\/\/www.feuerwehr-trebur.org\/web\/wp-json\/wp\/v2\/media\/236"}],"wp:attachment":[{"href":"https:\/\/www.feuerwehr-trebur.org\/web\/wp-json\/wp\/v2\/media?parent=4344"}],"wp:term":[{"taxonomy":"category","embeddable":true,"href":"https:\/\/www.feuerwehr-trebur.org\/web\/wp-json\/wp\/v2\/categories?post=4344"},{"taxonomy":"post_tag","embeddable":true,"href":"https:\/\/www.feuerwehr-trebur.org\/web\/wp-json\/wp\/v2\/tags?post=4344"}],"curies":[{"name":"wp","href":"https:\/\/api.w.org\/{rel}","templated":true}]}}