{"id":4274,"date":"2025-03-06T15:02:26","date_gmt":"2025-03-06T14:02:26","guid":{"rendered":"https:\/\/www.feuerwehr-trebur.org\/web\/?p=4274"},"modified":"2025-03-06T15:02:26","modified_gmt":"2025-03-06T14:02:26","slug":"chronik-des-monats-februar-2025","status":"publish","type":"post","link":"https:\/\/www.feuerwehr-trebur.org\/web\/chronik-des-monats-februar-2025\/","title":{"rendered":"Chronik des Monats Februar 2025"},"content":{"rendered":"<p>Auch im Februar hatten wir wieder vier kleinere Eins\u00e4tze, \u00fcber die wir Ihnen hier kurz berichten m\u00f6chten.<\/p>\n<p><strong>Samstag, den 01.02.25<br \/>\n20:17 Uhr  H1 Wasserrohrbruch (Astheimer Stra\u00dfe) <\/strong><br \/>\nVia Telefon wurde unser Wehrf\u00fchrer durch die Leitstelle \u00fcber diesen Schadensfall informiert.<br \/>\nDurch einen technischen Defekt in der Heizung war Wasser ausgetreten und hatte sich in der Wohnung ausgebreitet.<br \/>\nNach kurzer Erkundung wurde das System \u00fcberpr\u00fcft und die defekte Leitung abgeschiebert.<br \/>\nBereits 10 Minuten nach Alarmeingang konnte der Einsatz wieder beendet werden.<\/p>\n<p><strong>Dienstag, den 04.02.25<br \/>\n09:02 Uhr  F3 Gro\u00dfbrand Sondergeb\u00e4ude (Einkaufscenter Gro\u00df Gerau, Helvetiapark)<\/strong><br \/>\nSo lautete das Stichwort auf dem Alarmfax beim Eintreffen im Ger\u00e4tehaus.<br \/>\nHier war erneut unser Messteam gefordert.<br \/>\nIn einem Supermarkt hatte es in der Backabteilung eine st\u00e4rkere Rauchentwicklung gegeben, die zur Ausl\u00f6sung der Rauchmelder und damit zur Alarmierung durch die Leitstelle f\u00fchrte. Beim Eintreffen unserer Helfer waren die Einsatzkr\u00e4fte der FF Gro\u00df-Gerau bereits mit der Erkundung besch\u00e4ftigt und konnten kurz darauf Entwarnung geben.<br \/>\nF\u00fcr unsere Helfer war dieser Einsatz knapp zehn Minuten sp\u00e4ter ebenfalls beendet.<\/p>\n<p><strong>Dienstag, den 11.02.25<br \/>\n12:29 Uhr  F1 Feuer in Hof (R\u00fcsselsheimer Stra\u00dfe)<\/strong><br \/>\nNoch weit innerhalb der zehnmin\u00fctigen Hilfsfrist war unser LF 16 an der Einsatzstelle.<br \/>\nIn der Zwischenzeit hatte der Besitzer den brennenden Fahrradakku in den Garten gebracht und das Feuer weitestgehend gel\u00f6scht.<br \/>\nEin Eingreifen unsererseits war nicht mehr erforderlich.<br \/>\nSo konnten wir den Einsatz bereits kurz nach unserer Ankunft an der vermeintlichen Brandstelle wieder beenden.<\/p>\n<p><strong>Samstag, den 22.02.25<br \/>\n17:06 Uhr  F2 Rauchentwicklung durch Brand (Schrottplatz Wolfskehlen) <\/strong><br \/>\nAuch bei diesem Einsatz war unser Messteam gefordert.<br \/>\nAn der oben genannten Adresse brannte Schrott, wodurch eine enorme Rauchentwicklung entstand.<br \/>\nUnser Team erhielt vier Messpunkte zugewiesen und f\u00fchrte daraufhin Messungen auf m\u00f6gliche Schadstoffe in der Atemluft durch.<br \/>\nDa alle Messungen negativ ausfielen und der Brand inzwischen gel\u00f6scht war, konnte unser vierk\u00f6pfiges Team gut zwei Stunden nach der Alarmierung die Heimreise zum Ger\u00e4tehaus antreten.<\/p>\n<p>Mit dieser kurzen \u00dcbersicht des Einsatzgeschehens im Februar 2025 verbleiben wir<\/p>\n<p><em>Ihre Treburer Feuerwehr<\/em><\/p>\n","protected":false},"excerpt":{"rendered":"<p>Auch im Februar hatten wir wieder vier kleinere Eins\u00e4tze, \u00fcber die wir Ihnen hier kurz berichten m\u00f6chten. Samstag, den 01.02.25 20:17 Uhr H1 Wasserrohrbruch (Astheimer Stra\u00dfe) Via Telefon wurde unser Wehrf\u00fchrer durch die Leitstelle \u00fcber diesen Schadensfall informiert. Durch einen technischen Defekt in der Heizung war Wasser<\/p>\n","protected":false},"author":6,"featured_media":236,"comment_status":"closed","ping_status":"closed","sticky":false,"template":"","format":"standard","meta":{"footnotes":"","_links_to":"","_links_to_target":""},"categories":[1],"tags":[],"class_list":["post-4274","post","type-post","status-publish","format-standard","has-post-thumbnail","hentry","category-allgemein"],"_links":{"self":[{"href":"https:\/\/www.feuerwehr-trebur.org\/web\/wp-json\/wp\/v2\/posts\/4274","targetHints":{"allow":["GET"]}}],"collection":[{"href":"https:\/\/www.feuerwehr-trebur.org\/web\/wp-json\/wp\/v2\/posts"}],"about":[{"href":"https:\/\/www.feuerwehr-trebur.org\/web\/wp-json\/wp\/v2\/types\/post"}],"author":[{"embeddable":true,"href":"https:\/\/www.feuerwehr-trebur.org\/web\/wp-json\/wp\/v2\/users\/6"}],"replies":[{"embeddable":true,"href":"https:\/\/www.feuerwehr-trebur.org\/web\/wp-json\/wp\/v2\/comments?post=4274"}],"version-history":[{"count":1,"href":"https:\/\/www.feuerwehr-trebur.org\/web\/wp-json\/wp\/v2\/posts\/4274\/revisions"}],"predecessor-version":[{"id":4275,"href":"https:\/\/www.feuerwehr-trebur.org\/web\/wp-json\/wp\/v2\/posts\/4274\/revisions\/4275"}],"wp:featuredmedia":[{"embeddable":true,"href":"https:\/\/www.feuerwehr-trebur.org\/web\/wp-json\/wp\/v2\/media\/236"}],"wp:attachment":[{"href":"https:\/\/www.feuerwehr-trebur.org\/web\/wp-json\/wp\/v2\/media?parent=4274"}],"wp:term":[{"taxonomy":"category","embeddable":true,"href":"https:\/\/www.feuerwehr-trebur.org\/web\/wp-json\/wp\/v2\/categories?post=4274"},{"taxonomy":"post_tag","embeddable":true,"href":"https:\/\/www.feuerwehr-trebur.org\/web\/wp-json\/wp\/v2\/tags?post=4274"}],"curies":[{"name":"wp","href":"https:\/\/api.w.org\/{rel}","templated":true}]}}