{"id":4222,"date":"2025-02-02T13:28:11","date_gmt":"2025-02-02T12:28:11","guid":{"rendered":"https:\/\/www.feuerwehr-trebur.org\/web\/?p=4222"},"modified":"2025-02-02T13:30:36","modified_gmt":"2025-02-02T12:30:36","slug":"chronik-des-monat-januar-2025","status":"publish","type":"post","link":"https:\/\/www.feuerwehr-trebur.org\/web\/chronik-des-monat-januar-2025\/","title":{"rendered":"Chronik des Monats Januar 2025"},"content":{"rendered":"<p>Auch im neuen Jahr m\u00f6chten wir Sie an dieser Stelle \u00fcber die Eins\u00e4tze Ihrer Treburer Feuerwehr informieren.<br \/>\nDer vergangene Januar war ein relativ ruhiger Monat. Insgesamt verzeichneten wir f\u00fcnf kleinere Eins\u00e4tze, \u00fcber die wir Ihnen hier kurz berichten m\u00f6chten.<\/p>\n<p><strong>Donnerstag, den 09.01.2025<br \/>\n18:06 Uhr- Verkehrsunfall, eCall &#8211; Notruf (Theobaldstra\u00dfe)<\/strong><br \/>\nBei einem Verkehrsunfall in der genannten Stra\u00dfe hatte das Fahrzeugsystem eCall automatisch die Leitstelle und damit auch uns alarmiert. Beim Eintreffen an der Unfallstelle handelte es sich lediglich um einen Blechschaden. Ein Eingreifen unsererseits war nicht erforderlich. Der Fahrzeugf\u00fchrer war sich \u00fcber die automatische Alarmierung nicht bewusst und zeigte sich von unserem Erscheinen sichtlich \u00fcberrascht.<br \/>\nNach wenigen Minuten konnten wir den Einsatz abbrechen und zur\u00fcckfahren.<br \/>\nAusger\u00fcckt waren zwei Fahrzeuge mit acht Einsatzkr\u00e4ften.<\/p>\n<p>Was ist eCall?<br \/>\nNeue Automodelle m\u00fcssen mit dem eCall &#8211; System ausger\u00fcstet sein. Dieses automatische Notrufsystem sorgt bei Unf\u00e4llen f\u00fcr schnelle Hilfe.<br \/>\nDer Notrufdienst funktioniert europaweit einheitlich: eCall nutzt Mobilfunk und Satellitenortung, um nach einem Unfall &#8211; automatisch oder manuell durch die Insassen ausgel\u00f6st &#8211; eine Verbindung zur einheitlichen Notrufnummer 112 herzustellen. Zus\u00e4tzlich zur Sprachverbindung \u00fcbermittelt das System Informationen zum Unfallort, zur Art der Ausl\u00f6sung und zum Fahrzeug (z. B. Anzahl der Insassen). Bei einem schweren Autounfall, bei dem die Airbags ausgel\u00f6st werden, sendet das System automatisch einen Notruf ab. <\/p>\n<p><strong>Mittwoch, den 15.01.2025<br \/>\n09:02 Uhr-  H Gefahr 1:  Auslaufendes Gefahrgut aus LKW (B\u00fcttelborn)<\/strong><br \/>\nAn diesem Mittwochmorgen waren unsere Spezialisten mit dem landeseigenen Messfahrzeug gefordert. Vier Einsatzkr\u00e4fte fuhren nach B\u00fcttelborn und unterst\u00fctzten die dortige Feuerwehr mit Messtechnik.<br \/>\nGut zweieinhalb Stunden war die Gefahr gebannt, und unsere Kollegen konnten nach Trebur zur\u00fcckkehren. <\/p>\n<p><strong>Dienstag, den 21.01.2025<br \/>\n17:47 Uhr-  F 1:  Brennende Parkbank (Theobaldstra\u00dfe, Au\u00dfengel\u00e4nde vor Stadion)<\/strong><br \/>\nEin Mitarbeiter des Bauhofes bemerkte eine Rauchentwicklung aus einer Holzh\u00fctte. In dieser stand eine Parkbank, die bereits in hellen Flammen stand. Um ein Ausbreiten des Feuers auf die H\u00fctte zu verhindern, zog der Mitarbeiter beherzt die Bank ins Freie und setzte den Notruf ab.<br \/>\nBei Eintreffen unserer Kr\u00e4fte stand die Sitzgelegenheit bereits in Vollbrand.<br \/>\nDa es sich um ein Objekt aus Kunststoff handelte, wurde das Feuer mittels Schnellangriff und Schaumpistole in wenigen Minuten gel\u00f6scht. Knapp 15 Minuten nach der Alarmierung war der Einsatz f\u00fcr unsere sechs Brandbek\u00e4mpfer beendet.<\/p>\n<p> <strong>Mittwoch, den 22.01.2025<br \/>\n23:28 Uhr-  H1 Y VU:  Verkehrsunfall eCall \u2013 Notruf, L 3040 (Fahrtrichtung Astheim)<\/strong><br \/>\nIn dieser Nacht wurden wir \u00fcber die Leitstelle zu einem Verkehrsunfall \u00fcber den genannten Notruf alarmiert. Mit vier Fahrzeugen von Feuerwehr und Rettungsdienst wurde die gesamte Stra\u00dfe bis nach Astheim abgesucht &#8211; ein Unfall oder \u00c4hnliches konnte jedoch nicht festgestellt werden. Lediglich ein Smartphone wurde auf der Fahrbahn gefunden, das (aus unbekannten Gr\u00fcnden) vermutlich den Fehlalarm ausgel\u00f6st hatte. Das Telefon wurde zum Ger\u00e4tehaus gebracht und sp\u00e4ter an die Polizei \u00fcbergeben.<br \/>\nNach knapp zehn Minuten war dann dieser \u201emerkw\u00fcrdige\u201c Einsatz f\u00fcr unsere elf Helfer beendet.<\/p>\n<p><strong>Donnerstag, den 23.01.2025<br \/>\n07:22 Uhr-  H1 Y VU:  Verkehrsunfall L 3012  (Kurz vor Ampelkreuzung Sch\u00f6nauer Hof)<\/strong><br \/>\nBei diesem Einsatz handelte es sich um einen Auffahrunfall zweier PKW`s . Wir sicherten die Einsatzstelle, klemmten bei einem Fahrzeug die Batterie ab, entfernten Tr\u00fcmmerteile von der Fahrbahn und streuten die Unfallstelle mit \u00d6lbindemittel ab.<br \/>\nIm Einsatz waren zehn Helfer mit drei Fahrzeugen.<\/p>\n<p>Mit dieser \u00dcbersicht des Einsatzgeschehens im Januar 2025 verbleiben wir<br \/>\n<em>Ihre Treburer Feuerwehr<\/em><\/p>\n","protected":false},"excerpt":{"rendered":"<p>Auch im neuen Jahr m\u00f6chten wir Sie an dieser Stelle \u00fcber die Eins\u00e4tze Ihrer Treburer Feuerwehr informieren. Der vergangene Januar war ein relativ ruhiger Monat. Insgesamt verzeichneten wir f\u00fcnf kleinere Eins\u00e4tze, \u00fcber die wir Ihnen hier kurz berichten m\u00f6chten. Donnerstag, den 09.01.2025 18:06 Uhr- Verkehrsunfall, eCall &#8211;<\/p>\n","protected":false},"author":6,"featured_media":236,"comment_status":"closed","ping_status":"closed","sticky":false,"template":"","format":"standard","meta":{"footnotes":"","_links_to":"","_links_to_target":""},"categories":[1],"tags":[],"class_list":["post-4222","post","type-post","status-publish","format-standard","has-post-thumbnail","hentry","category-allgemein"],"_links":{"self":[{"href":"https:\/\/www.feuerwehr-trebur.org\/web\/wp-json\/wp\/v2\/posts\/4222","targetHints":{"allow":["GET"]}}],"collection":[{"href":"https:\/\/www.feuerwehr-trebur.org\/web\/wp-json\/wp\/v2\/posts"}],"about":[{"href":"https:\/\/www.feuerwehr-trebur.org\/web\/wp-json\/wp\/v2\/types\/post"}],"author":[{"embeddable":true,"href":"https:\/\/www.feuerwehr-trebur.org\/web\/wp-json\/wp\/v2\/users\/6"}],"replies":[{"embeddable":true,"href":"https:\/\/www.feuerwehr-trebur.org\/web\/wp-json\/wp\/v2\/comments?post=4222"}],"version-history":[{"count":2,"href":"https:\/\/www.feuerwehr-trebur.org\/web\/wp-json\/wp\/v2\/posts\/4222\/revisions"}],"predecessor-version":[{"id":4227,"href":"https:\/\/www.feuerwehr-trebur.org\/web\/wp-json\/wp\/v2\/posts\/4222\/revisions\/4227"}],"wp:featuredmedia":[{"embeddable":true,"href":"https:\/\/www.feuerwehr-trebur.org\/web\/wp-json\/wp\/v2\/media\/236"}],"wp:attachment":[{"href":"https:\/\/www.feuerwehr-trebur.org\/web\/wp-json\/wp\/v2\/media?parent=4222"}],"wp:term":[{"taxonomy":"category","embeddable":true,"href":"https:\/\/www.feuerwehr-trebur.org\/web\/wp-json\/wp\/v2\/categories?post=4222"},{"taxonomy":"post_tag","embeddable":true,"href":"https:\/\/www.feuerwehr-trebur.org\/web\/wp-json\/wp\/v2\/tags?post=4222"}],"curies":[{"name":"wp","href":"https:\/\/api.w.org\/{rel}","templated":true}]}}