{"id":3771,"date":"2023-08-06T18:15:11","date_gmt":"2023-08-06T16:15:11","guid":{"rendered":"https:\/\/www.feuerwehr-trebur.org\/web\/?p=3771"},"modified":"2023-08-06T18:15:11","modified_gmt":"2023-08-06T16:15:11","slug":"chronik-des-monats-juli-2023","status":"publish","type":"post","link":"https:\/\/www.feuerwehr-trebur.org\/web\/chronik-des-monats-juli-2023\/","title":{"rendered":"Chronik des Monats Juli 2023"},"content":{"rendered":"<p>Der Juli war anfangs nicht nur hei\u00df, es gab auch das eine oder andere Ereignis. So verzeichneten wir 4  Eins\u00e4tze, von welchen wir Ihnen hier kurz berichten m\u00f6chten.<\/p>\n<p><strong>Montag, den 10.07.23<br \/>\n15:18 Uhr  F Wald 1 Brennt Wiese \/ Feld (Astheim im Hollerbusch)<\/strong><br \/>\nGemeinsam mit den Astheimer Einsatzkr\u00e4ften wurden wir zu diesem Vegetationsbrand gerufen. Bis zu unserem Eintreffen hatten die Anwohner das Feuer bereits weitestgehend selbst abgel\u00f6scht. Die Astheimer Kollegen \u00fcbernahmen die Nachkontrolle und wir konnten zur\u00fcck nach Trebur fahren.<\/p>\n<p><strong>Freitag, den 21.07.23<br \/>\n23:35 Uhr  F Wald 1 Brennt Feld \/ Grasfl\u00e4che (Au\u00dferhalb n\u00e4he Berlenhof)<\/strong><br \/>\nKurz nach der Alarmierung \u00fcber Meldeempf\u00e4nger setzte sich der ELW das Tankl\u00f6schfahrzeug und Augenblicke sp\u00e4ter auch das LF16 zum Einsatzort in Bewegung. An der Einsatzstelle angekommen, brannte auf einer Fl\u00e4che von ca. 90 m\u00b2 ein Getreidefeld. Mit der Tankf\u00fcllung (2500 ltr.) vom TLF wurde der Brand innerhalb von 10 Minuten abgel\u00f6scht. Nach Beendigung der L\u00f6scharbeiten und dem wieder aufr\u00fcsten der Fahrzeuge konnten dann kurz vor eins, unsere 18 Einsatzkr\u00e4fte wieder zur\u00fcck zu Ihren Betten. <\/p>\n<p><strong>Sonntag, den 30.07.23<br \/>\n00:29 Uhr  H Wasser Y Person im See vermisst (Geinsheim Kiebertsee) <\/strong><br \/>\nHier unterst\u00fctzten wir die Geinsheimer und Hessenauer Einsatzkr\u00e4fte bei der Suche und Rettung eines ertrunkenen Schwimmers. Wir leuchteten die E Stelle aus und unterst\u00fctzten den Rettungsdienst bei der Verbringung des Patienten in den Rettungswagen. Die Person konnte zwar noch reanimiert werden, verstarb jedoch leider sp\u00e4ter im Krankenhaus. Um 02:40 Uhr war dieser traurige Einsatz dann f\u00fcr uns vorbei und wir durften (aufgew\u00fchlt vom Erlebten) wieder zur\u00fcck in unsere Betten.<\/p>\n<p><strong>Sonntag, den 30.07.23<br \/>\n13:09 Uhr  F Gas 1 brennt Gasflasche samt Brenner (Lindenstra\u00dfe)<\/strong><br \/>\nBereits 4 Minuten nach der Alarmierung setzte sich das erste L\u00f6schfahrzeug mit 9 Einsatzkr\u00e4ften zur Lindenstra\u00dfe in Bewegung. Dort brannte ein Heizpilz und das Feuer breitete sich bereits zu einer Hecke aus. Mit einem C Rohr und unter schwerem Atemschutz wurde der Brand schnell gel\u00f6scht. Die Gasflasche wurde geborgen und in einer Wanne weiter abgek\u00fchlt. Nach gut 45 Minuten war dann auch der 2 Einsatz an diesem Tag f\u00fcr uns zu Ende. Neben der Einsatzabteilung von Trebur, waren auch die EA Astheim, der Rettungsdienst, sowie das DRK OV Trebur mitalarmiert. <\/p>\n<p>Mit dieser \u00dcbersicht des Einsatzgeschehens vom vergangenen Juli 2023 verbleiben wir<\/p>\n<p><em>Ihre Treburer Feuerwehr<\/em><\/p>\n","protected":false},"excerpt":{"rendered":"<p>Der Juli war anfangs nicht nur hei\u00df, es gab auch das eine oder andere Ereignis. So verzeichneten wir 4 Eins\u00e4tze, von welchen wir Ihnen hier kurz berichten m\u00f6chten. Montag, den 10.07.23 15:18 Uhr F Wald 1 Brennt Wiese \/ Feld (Astheim im Hollerbusch) Gemeinsam mit den Astheimer<\/p>\n","protected":false},"author":6,"featured_media":236,"comment_status":"closed","ping_status":"closed","sticky":false,"template":"","format":"standard","meta":{"footnotes":"","_links_to":"","_links_to_target":""},"categories":[1],"tags":[],"class_list":["post-3771","post","type-post","status-publish","format-standard","has-post-thumbnail","hentry","category-allgemein"],"_links":{"self":[{"href":"https:\/\/www.feuerwehr-trebur.org\/web\/wp-json\/wp\/v2\/posts\/3771","targetHints":{"allow":["GET"]}}],"collection":[{"href":"https:\/\/www.feuerwehr-trebur.org\/web\/wp-json\/wp\/v2\/posts"}],"about":[{"href":"https:\/\/www.feuerwehr-trebur.org\/web\/wp-json\/wp\/v2\/types\/post"}],"author":[{"embeddable":true,"href":"https:\/\/www.feuerwehr-trebur.org\/web\/wp-json\/wp\/v2\/users\/6"}],"replies":[{"embeddable":true,"href":"https:\/\/www.feuerwehr-trebur.org\/web\/wp-json\/wp\/v2\/comments?post=3771"}],"version-history":[{"count":1,"href":"https:\/\/www.feuerwehr-trebur.org\/web\/wp-json\/wp\/v2\/posts\/3771\/revisions"}],"predecessor-version":[{"id":3772,"href":"https:\/\/www.feuerwehr-trebur.org\/web\/wp-json\/wp\/v2\/posts\/3771\/revisions\/3772"}],"wp:featuredmedia":[{"embeddable":true,"href":"https:\/\/www.feuerwehr-trebur.org\/web\/wp-json\/wp\/v2\/media\/236"}],"wp:attachment":[{"href":"https:\/\/www.feuerwehr-trebur.org\/web\/wp-json\/wp\/v2\/media?parent=3771"}],"wp:term":[{"taxonomy":"category","embeddable":true,"href":"https:\/\/www.feuerwehr-trebur.org\/web\/wp-json\/wp\/v2\/categories?post=3771"},{"taxonomy":"post_tag","embeddable":true,"href":"https:\/\/www.feuerwehr-trebur.org\/web\/wp-json\/wp\/v2\/tags?post=3771"}],"curies":[{"name":"wp","href":"https:\/\/api.w.org\/{rel}","templated":true}]}}