{"id":2963,"date":"2020-12-15T19:36:34","date_gmt":"2020-12-15T18:36:34","guid":{"rendered":"https:\/\/www.feuerwehr-trebur.org\/web\/?p=2963"},"modified":"2020-12-15T19:36:34","modified_gmt":"2020-12-15T18:36:34","slug":"kein-tannenbaumverbrennen-in-2021","status":"publish","type":"post","link":"https:\/\/www.feuerwehr-trebur.org\/web\/kein-tannenbaumverbrennen-in-2021\/","title":{"rendered":"Kein Tannenbaumverbrennen in 2021"},"content":{"rendered":"<div class=\"kvgmc6g5 cxmmr5t8 oygrvhab hcukyx3x c1et5uql ii04i59q\">\n<div dir=\"auto\"><a href=\"https:\/\/www.feuerwehr-trebur.org\/web\/wp-content\/uploads\/2020\/12\/131228907_3250259648412610_5037417973112805199_o.jpg\" rel=\"wp-prettyPhoto[2963]\"><img loading=\"lazy\" decoding=\"async\" class=\"aligncenter size-large wp-image-2964\" src=\"https:\/\/www.feuerwehr-trebur.org\/web\/wp-content\/uploads\/2020\/12\/131228907_3250259648412610_5037417973112805199_o-1024x683.jpg\" alt=\"\" width=\"600\" height=\"400\" srcset=\"https:\/\/www.feuerwehr-trebur.org\/web\/wp-content\/uploads\/2020\/12\/131228907_3250259648412610_5037417973112805199_o-1024x683.jpg 1024w, https:\/\/www.feuerwehr-trebur.org\/web\/wp-content\/uploads\/2020\/12\/131228907_3250259648412610_5037417973112805199_o-300x200.jpg 300w, https:\/\/www.feuerwehr-trebur.org\/web\/wp-content\/uploads\/2020\/12\/131228907_3250259648412610_5037417973112805199_o-768x512.jpg 768w, https:\/\/www.feuerwehr-trebur.org\/web\/wp-content\/uploads\/2020\/12\/131228907_3250259648412610_5037417973112805199_o-1536x1024.jpg 1536w, https:\/\/www.feuerwehr-trebur.org\/web\/wp-content\/uploads\/2020\/12\/131228907_3250259648412610_5037417973112805199_o.jpg 1944w\" sizes=\"auto, (max-width: 600px) 100vw, 600px\" \/><\/a><\/div>\n<\/div>\n<div dir=\"auto\"><\/div>\n<div dir=\"auto\"><\/div>\n<div class=\"kvgmc6g5 cxmmr5t8 oygrvhab hcukyx3x c1et5uql ii04i59q\">\n<div dir=\"auto\">Fast ein Jahr schon begleitet uns das Thema Corona. Auch das neue Jahr startet ganz im Zeichen der Pandemie und so ist es uns erstmals seit mittlerweile \u00fcber 30 Jahren nicht m\u00f6glich das Christbaumverbrennen am Freibad durchzuf\u00fchren. Wir haben lange gehofft, trotz der Ausnahmesituation das Event doch noch mit einem ver\u00e4nderten Konzept durchf\u00fchren zu k\u00f6nnen. Mittlerweile ist aber auf Grund der Vorschriften eine Durchf\u00fchrung unm\u00f6glich geworden. F\u00fcr die Feuerwehr, vor allem aber den Feuerwehrnachwuchs und die j\u00fcngsten Besucher ist dies sehr bedauerlich. So war das Baumverbrennen stets die erste Veranstaltung im neuen Jahr, die zu gem\u00fctlichem Beisammensein am Feuer einlud und zahlreiche Gespr\u00e4che zwischen B\u00fcrgern und der Feuerwehr erm\u00f6glichte. Hunderte Menschen genossen das Feuerspektakel jedes Jahr, dessen Idee ein Treburer Kamerad 1987 aus Schweden \u201emitbrachte\u201c. Mittlerweile haben zahlreiche Nachbargemeinden die Tradition \u00fcbernommen. Diesmal muss alldies leider ausfallen. Mit dem Wegfall der Abendveranstaltung, entf\u00e4llt auch das Einsammeln der Christb\u00e4ume durch die Feuerwehr. Die B\u00e4ume k\u00f6nnen auf den Gr\u00fcnabfall-Sammelstellen, oder mit der Biotonne (entsprechend zerkleinert) entsorgt werden. Bitte beachtet, dass die Gr\u00fcnabfallpl\u00e4tze \u00fcber die Feiertage geschlossen sind.<\/div>\n<\/div>\n<div class=\"o9v6fnle cxmmr5t8 oygrvhab hcukyx3x c1et5uql ii04i59q\">\n<div dir=\"auto\">F\u00fcr die Freiwillige Feuerwehr ist der Ausbildungs- und \u00dcbungsbetrieb bereits seit Wochen wieder eingestellt worden. Es kann keine Nachwuchsarbeit und auch keinerlei Veranstaltung zur Brandschutzerziehung oder Mitgliederwerbung durchgef\u00fchrt werden. Wir hoffen, auch wenn ein Ende noch nich abzusehen ist, dass dieser Zustand schnellstm\u00f6glich endet. Unser Einsatzbetrieb geht nat\u00fcrlich durchgehend weiter und wir sind selbstverst\u00e4ndlich auch im Lockdown 24 Stunden am Tag und 7 Tage die Woche f\u00fcr die Sicherheit unserer Einwohnerinnen und Einwohner da. Wir blicken trotz allem optimistisch auf 2021 und sind sicher, dass Anfang 2022 dann wieder ein gigantisches Christbaumfeuer mit vielen faszinierten Menschen davor entz\u00fcndet werden kann.<\/div>\n<div dir=\"auto\"><\/div>\n<\/div>\n<div class=\"o9v6fnle cxmmr5t8 oygrvhab hcukyx3x c1et5uql ii04i59q\">\n<div dir=\"auto\">Wir w\u00fcnschen eine ruhige Zeit, einen guten Start in 2021 und vor allem Gesundheit.<\/div>\n<div dir=\"auto\"><\/div>\n<\/div>\n<div class=\"o9v6fnle cxmmr5t8 oygrvhab hcukyx3x c1et5uql ii04i59q\">\n<div dir=\"auto\"><em>Eure Freiwillige Feuerwehr Trebur.<\/em><\/div>\n<\/div>\n","protected":false},"excerpt":{"rendered":"<p>Fast ein Jahr schon begleitet uns das Thema Corona. Auch das neue Jahr startet ganz im Zeichen der Pandemie und so ist es uns erstmals seit mittlerweile \u00fcber 30 Jahren nicht m\u00f6glich das Christbaumverbrennen am Freibad durchzuf\u00fchren. Wir haben lange gehofft, trotz der Ausnahmesituation das Event doch<\/p>\n","protected":false},"author":6,"featured_media":2964,"comment_status":"closed","ping_status":"closed","sticky":false,"template":"","format":"standard","meta":{"footnotes":"","_links_to":"","_links_to_target":""},"categories":[1],"tags":[],"class_list":["post-2963","post","type-post","status-publish","format-standard","has-post-thumbnail","hentry","category-allgemein"],"_links":{"self":[{"href":"https:\/\/www.feuerwehr-trebur.org\/web\/wp-json\/wp\/v2\/posts\/2963","targetHints":{"allow":["GET"]}}],"collection":[{"href":"https:\/\/www.feuerwehr-trebur.org\/web\/wp-json\/wp\/v2\/posts"}],"about":[{"href":"https:\/\/www.feuerwehr-trebur.org\/web\/wp-json\/wp\/v2\/types\/post"}],"author":[{"embeddable":true,"href":"https:\/\/www.feuerwehr-trebur.org\/web\/wp-json\/wp\/v2\/users\/6"}],"replies":[{"embeddable":true,"href":"https:\/\/www.feuerwehr-trebur.org\/web\/wp-json\/wp\/v2\/comments?post=2963"}],"version-history":[{"count":1,"href":"https:\/\/www.feuerwehr-trebur.org\/web\/wp-json\/wp\/v2\/posts\/2963\/revisions"}],"predecessor-version":[{"id":2965,"href":"https:\/\/www.feuerwehr-trebur.org\/web\/wp-json\/wp\/v2\/posts\/2963\/revisions\/2965"}],"wp:featuredmedia":[{"embeddable":true,"href":"https:\/\/www.feuerwehr-trebur.org\/web\/wp-json\/wp\/v2\/media\/2964"}],"wp:attachment":[{"href":"https:\/\/www.feuerwehr-trebur.org\/web\/wp-json\/wp\/v2\/media?parent=2963"}],"wp:term":[{"taxonomy":"category","embeddable":true,"href":"https:\/\/www.feuerwehr-trebur.org\/web\/wp-json\/wp\/v2\/categories?post=2963"},{"taxonomy":"post_tag","embeddable":true,"href":"https:\/\/www.feuerwehr-trebur.org\/web\/wp-json\/wp\/v2\/tags?post=2963"}],"curies":[{"name":"wp","href":"https:\/\/api.w.org\/{rel}","templated":true}]}}