{"id":2839,"date":"2020-06-06T20:59:54","date_gmt":"2020-06-06T18:59:54","guid":{"rendered":"https:\/\/www.feuerwehr-trebur.org\/web\/?p=2839"},"modified":"2020-06-06T20:59:54","modified_gmt":"2020-06-06T18:59:54","slug":"chronik-des-monats-mai-2020","status":"publish","type":"post","link":"https:\/\/www.feuerwehr-trebur.org\/web\/chronik-des-monats-mai-2020\/","title":{"rendered":"Chronik des Monats Mai 2020"},"content":{"rendered":"<p>Mai 2020: Weiter im Zeichen der Corona Pandemie und mit den erschwerten Einsatz- bzw. Hygienebedingungen, Maskenpflicht im Ger\u00e4tehaus und w\u00e4hrend der Fahrt mit dem Feuerwehrfahrzeug, Abstandsregelung beim Einsatz + Umkleiden + Desinfektion der Fahrzeuge und Ger\u00e4te nach den Eins\u00e4tzen. Es war und ist in dieser Zeit f\u00fcr uns nicht einfach. Aber trotz allen Unannehmlichkeiten in diesen Tagen sind wir weiterhin gerne und jederzeit f\u00fcr unsere B\u00fcrger da. So gab es auch in diesem Monat wieder 8 Eins\u00e4tze, \u00fcber welche wir Ihnen an dieser Stelle berichten m\u00f6chten.<\/p>\n<p><strong>Samstag, den 02.05.2020<br \/>\n05:10 Uhr F3 Brennt Lagerhalle (Ginsheim &#8211; Gustavsburg)<\/strong><br \/>\nAn diesem Morgen wurden unsere Atemschutzger\u00e4tetr\u00e4ger alarmiert. So brannte im Gustavsburger Gewerbegebiet eine Lagerhalle in voller Ausdehnung. Gemeinsam mit den Atemschutzger\u00e4tetr\u00e4gern der anderen drei Ortsteile standen unsere 7 Jungs auf Abruf in unmittelbarer N\u00e4he des Gro\u00dfbrandes, um die dortigen Einsatzkr\u00e4fte abzul\u00f6sen. Knapp 6 Stunden sp\u00e4ter konnten wir wieder die Heimfahrt antreten.<\/p>\n<p><strong>Samstag, den 02.05.2020<br \/>\n05:59 Uhr F3 Brennt Lagerhalle (Ginsheim &#8211; Gustavsburg)<\/strong><br \/>\nNoch w\u00e4hrend bereits ein Teil unserer Atemschutzger\u00e4tetr\u00e4ger auf obigem Einsatz war, wurde unser Messfahrzeug angefordert. Das Messteam nahm im Umfeld des Gro\u00dfbrandes einige Proben um festzustellen ob eine Gefahr durch den Brandrauch bestand. Nachdem alle Ergebnisse negativ verliefen, wurde unser Messtrupp um 09:00 Uhr wieder aus dem Einsatz entlassen.<\/p>\n<p><strong>Donnerstag, den 07.05.2020<br \/>\n18:21 Uhr H1 \u00d6lspur (L3012 von Geinsheim kommend Ortseinfahrt Trebur)<\/strong><br \/>\nNach der Alarmierung \u00fcber Meldeempf\u00e4nger befanden sich 15 Einsatzkr\u00e4fte im Ger\u00e4tehaus. Mit kleiner Besatzung wurde die vermeintliche Gefahrenstelle angefahren. Dort befanden sich auf einer Strecke von gut 200 mtr. mehrere \u00d6lstreifen auf der Fahrbahn, welche f\u00fcr Zweiradfahrer schnell zu gef\u00e4hrlichen Situationen f\u00fchren k\u00f6nnen. Die Verschmutzungen wurden mit Bindemittel behandelt und mit Warnschildern auf die Gefahr hingewiesen. Nach gut einer Stunde war der Einsatz bereits wieder beendet.<\/p>\n<p><strong>Sonntag, den 10.05.2020<br \/>\n03:59 Uhr F2Y Wohnungsbrand Rauchmelder ausgel\u00f6st (R\u00fcsselsheimer Stra\u00dfe)<\/strong><br \/>\n\u00dcber Meldeempf\u00e4nger und Sirene wurden wir an diesem Morgen aus den Betten gerissen. Laut Meldebild hatte ein Rauchmelder in einer Wohnung ausgel\u00f6st, die Wohnung sei verraucht und noch Personen drin. Innerhalb weniger Minuten war das Einsatzleitfahrzeug und das LF 16 an der Einsatzstelle. Bei unserer Ankunft wurden wir durch die Anwohner informiert, dass sich ein Nachbar bereits Zugang zur Wohnung verschaffte, den schlafenden Bewohner weckte und ins Freie f\u00fchrte. Die Ursache war eine angebrannte Pizza, welche im Ofen vergessen wurde. Die Wohnung war bereits wieder relativ rauchfrei und wir konnten kurz darauf wieder zum Ger\u00e4tehaus zur\u00fcckfahren. Die Einsatzbereitschaft der mitalarmierten Hilfskr\u00e4fte und der Drehleiter aus R\u00fcsselsheim konnte ebenfalls sogleich aufgehoben werden.<\/p>\n<p><strong>Montag, den 11.05.2020<br \/>\n14:29 Uhr F1 Nachschau nach Kurzschluss (Au\u00dferhalb)<\/strong><br \/>\nHier wurden wir alarmiert, nachdem ein Kurzschluss einen Stromverteiler zum Schmoren gebracht hatte. Der Eigent\u00fcmer wollte sicher sein, dass von dem Sicherungsschrank keine Gefahr mehr ausginge. Durch eine Einsatzkraft (ausgebildeter Elektroinstallateur) wurde der Strom abgeschaltet und die Schadenstelle kontrolliert. Vermutlich f\u00fchrte ein Wassereintritt zum Kurzschluss und dem Schmorbrand. Nachdem keine weitere Gefahr mehr zu erkennen war, konnte die Einsatzstelle dem Besitzer \u00fcbergeben werden und wir die R\u00fcckfahrt antreten.<\/p>\n<p><strong>Samstag, den 16.05.2020<br \/>\n21:23 Uhr F2 Brand in einer Trafostation (R\u00fcsselsheim Opel Werksgel\u00e4nde)<\/strong><br \/>\nBei diesem Einsatz war wieder einmal unser Messteam gefordert.<br \/>\nDurch den Brand in einer Trafostation entstand eine erhebliche Rauchentwicklung. Die \u00f6rtliche Einsatzleitung lies durch unsere Spezialisten im Stadtgebiet von R\u00fcsselsheim diverse Messungen vornehmen, welche gl\u00fccklicherweise alle negativ verliefen. Kurz nach Mitternacht waren dann die Messaufgaben abgearbeitet und unsere vier Jungs konnten wieder nach Hause fahren.<\/p>\n<p><strong>Dienstag, den 26.05.2020<br \/>\n11:53 Uhr H1 Verkehrsunfall L3012 \/ K 159 (Kreuzungsbereich)<\/strong><br \/>\nNach einem Verkehrsunfall zwischen einem Transporter und einem PKW wurden wir \u00fcber den Rettungsdienst zum Einsatz gerufen. Mit 6 Helfern und 2 Fahrzeugen wurde die Unfallstelle gesichert der Brandschutz gew\u00e4hrleistet, auslaufende Betriebsstoffe aufgenommen, die Fahrzeugbatterien abgeklemmt und nach dem Abtransport der Havaristen die Unfallstelle von Tr\u00fcmmerteilen befreit und \u00d6lspuren beseitigt. Nach gut einer Stunde war die Aktion beendet und wir konnten die Einsatzstelle wieder verlassen.<\/p>\n<p><strong>Donnerstag, den 28.05.2020<br \/>\n12:50 Uhr F3 Feuer in der HIM (Biebesheim)<\/strong><br \/>\nBei einem Brand in der \u201eHessischen Industriem\u00fcll\u201c entstand eine starke Rauchentwicklung. Unser Messteam hatte die Aufgabe, in Gernsheim entsprechende Messungen zur Beurteilung der Luftqualit\u00e4t durchzuf\u00fchren. Alle Messungen verliefen negativ, somit war der Einsatz f\u00fcr unsere 4 Spezialisten gegen 15:00 Uhr dann wieder zu Ende.<\/p>\n<p>Mit dieser kurzen \u00dcbersicht des Einsatzgeschehens im Mai 2020 verbleiben wir<\/p>\n<p><em>Ihre Treburer Feuerwehr<\/em><\/p>\n","protected":false},"excerpt":{"rendered":"<p>Mai 2020: Weiter im Zeichen der Corona Pandemie und mit den erschwerten Einsatz- bzw. Hygienebedingungen, Maskenpflicht im Ger\u00e4tehaus und w\u00e4hrend der Fahrt mit dem Feuerwehrfahrzeug, Abstandsregelung beim Einsatz + Umkleiden + Desinfektion der Fahrzeuge und Ger\u00e4te nach den Eins\u00e4tzen. Es war und ist in dieser Zeit f\u00fcr<\/p>\n","protected":false},"author":6,"featured_media":236,"comment_status":"closed","ping_status":"closed","sticky":false,"template":"","format":"standard","meta":{"footnotes":"","_links_to":"","_links_to_target":""},"categories":[1],"tags":[],"class_list":["post-2839","post","type-post","status-publish","format-standard","has-post-thumbnail","hentry","category-allgemein"],"_links":{"self":[{"href":"https:\/\/www.feuerwehr-trebur.org\/web\/wp-json\/wp\/v2\/posts\/2839","targetHints":{"allow":["GET"]}}],"collection":[{"href":"https:\/\/www.feuerwehr-trebur.org\/web\/wp-json\/wp\/v2\/posts"}],"about":[{"href":"https:\/\/www.feuerwehr-trebur.org\/web\/wp-json\/wp\/v2\/types\/post"}],"author":[{"embeddable":true,"href":"https:\/\/www.feuerwehr-trebur.org\/web\/wp-json\/wp\/v2\/users\/6"}],"replies":[{"embeddable":true,"href":"https:\/\/www.feuerwehr-trebur.org\/web\/wp-json\/wp\/v2\/comments?post=2839"}],"version-history":[{"count":1,"href":"https:\/\/www.feuerwehr-trebur.org\/web\/wp-json\/wp\/v2\/posts\/2839\/revisions"}],"predecessor-version":[{"id":2840,"href":"https:\/\/www.feuerwehr-trebur.org\/web\/wp-json\/wp\/v2\/posts\/2839\/revisions\/2840"}],"wp:featuredmedia":[{"embeddable":true,"href":"https:\/\/www.feuerwehr-trebur.org\/web\/wp-json\/wp\/v2\/media\/236"}],"wp:attachment":[{"href":"https:\/\/www.feuerwehr-trebur.org\/web\/wp-json\/wp\/v2\/media?parent=2839"}],"wp:term":[{"taxonomy":"category","embeddable":true,"href":"https:\/\/www.feuerwehr-trebur.org\/web\/wp-json\/wp\/v2\/categories?post=2839"},{"taxonomy":"post_tag","embeddable":true,"href":"https:\/\/www.feuerwehr-trebur.org\/web\/wp-json\/wp\/v2\/tags?post=2839"}],"curies":[{"name":"wp","href":"https:\/\/api.w.org\/{rel}","templated":true}]}}