{"id":272,"date":"2013-04-30T12:56:19","date_gmt":"2013-04-30T12:56:19","guid":{"rendered":"http:\/\/feuerwehr-trebur.org\/web\/?p=272"},"modified":"2015-01-24T17:42:41","modified_gmt":"2015-01-24T17:42:41","slug":"chronik-des-monats-april-2013","status":"publish","type":"post","link":"https:\/\/www.feuerwehr-trebur.org\/web\/chronik-des-monats-april-2013\/","title":{"rendered":"Chronik des Monats April 2013"},"content":{"rendered":"<p>Der vergangene April war auch wieder ein ruhiger Monat. So verzeichneten wir 6 Eins\u00e4tze, von welchen wir Ihnen hier kurz berichten m\u00f6chten.<\/p>\n<p>Sonntag, den 07.04.2013 | 15:20 Uhr Brennt Wohnwagen Ausserhalb<br \/>\n(Geinsheim verl\u00e4ngerte Kirchgasse)<br \/>\nBei bestem Fr\u00fchlingswetter wurden wir durch den Meldeempf\u00e4nger aus der Sonntagsruhe gerissen. Bereits 4 Minuten nach der Alarmierung war unser TLF auf dem Weg zum Einsatzort, unser LF folgte nur kurze Zeit sp\u00e4ter. Schon auf der Anfahrt nach Geinsheim war weithin eine schwarze Rauchs\u00e4ule zu erkennen. Nach R\u00fccksprache mit der \u00f6rtlichen Einsatzleitung stellten wir unsere Fahrzeuge in der N\u00e4he der evangelischen Kirche in Bereitschaft. Wir brauchten jedoch die Geinsheimer Kollegen nicht weiter zu unterst\u00fctzen, da diese den Brand schon weitestgehend unter Kontrolle hatten. So konnten wir bereits 10 Minuten sp\u00e4ter die Einsatzbereitschaft abbrechen und zum Feuerwehrhaus zur\u00fcckfahren.<\/p>\n<p>Dienstag, den 09.04.2013 | 10:22 Uhr Gefahrguteinsatz (Gasaustritt in Gernsheim)<br \/>\nEin Bagger besch\u00e4digte im Industriegebiet in Gernsheim eine Gasleitung, was zum Ausstr\u00f6men desselben f\u00fchrte. Hier wurden unsere Spezialisten mit dem landeseigenen Messfahrzeug angefordert. So unterst\u00fctzten wir die Gernsheimer Einsatzkr\u00e4fte mit moderner Messtechnik beim \u00dcberpr\u00fcfen der Gaskonzentration. Nachdem alle Messungen negativ verliefen und die defekte Leitung mittlerweile abgedichtet war, konnten wir nach R\u00fccksprache mit der \u00f6rtlichen Einsatzleitung die R\u00fcckfahrt wieder antreten. Hier waren 3 Kameraden mit einem Fahrzeug gut 90 Minuten im Einsatz.<\/p>\n<p>Mittwoch, den 10.04.2013 | 12:29 Uhr \u00d6lspur (Nauheimer Stra\u00dfe und Geinsheim)<br \/>\nEs zogen sich an diesem Tag einige schmierige \u00d6lspuren von der Gro\u00df-Gerauer Stra\u00dfe in Trebur bis zur Oppenheimer Stra\u00dfe nach Geinsheim. Die Gefahrstellen wurden mit \u00d6lbindemittel behandelt und der Bauhof sicherte dann die Gefahrenstellen mit Warnschildern. Auch hier waren wieder 6 Einsatzkr\u00e4fte in Sachen Gefahrenbeseitigung und Umweltschutz in ihrer Freizeit gut 3 Stunden im unentgeltlichen Einsatz.<\/p>\n<p>Mittwoch, den 10.04.2013 | 20:22 Uhr Wohnhausbrand (Geinsheim Leeheimer Stra\u00dfe)<br \/>\nHier unterst\u00fctzten wir unsere Geinsheimer Kollegen mit Atemschutzger\u00e4tetr\u00e4gern und dem Messfahrzeug bei der Brandbek\u00e4mpfung in einem Wohnhaus in besagter Stra\u00dfe. Die Einsatzabteilung Trebur war mit 10 Kameraden, davon 7 Atemschutzger\u00e4tetr\u00e4ger, vor Ort. Insgesamt waren bei diesem Brand fast 60 Einsatzkr\u00e4fte (incl. Polizei und DRK) beteiligt.<\/p>\n<p>Sonntag, den 14.04.2013 | 14:19 Uhr Feuer Ausserhalb (Geinsheim)<br \/>\nAuch hier wurden wir wieder nach der Alarmierung durch die Leitstelle zu einem Fl\u00e4chenbrand nach Geinsheim gerufen. Nachdem wir den Bereitstellungsraum in Geinsheim angefahren hatten, konnten wir wenige Minuten sp\u00e4ter unsere R\u00fcckfahrt wieder antreten, da der Brand von den Geinsheimer Kollegen bek\u00e4mpft werden konnte.<\/p>\n<p>Dienstag, den 16.04.2013 | 16:54 Uhr \u00c4tzender Geruch aus Keller (Gro\u00df-Gerau)<br \/>\nBei diesem Einsatz waren wieder unsere Spezialisten vom landeseigenen Messfahrzeug gefordert. Die Einsatzstelle in Gro\u00df-Gerau wurde angefahren, unsere Kameraden wurden jedoch nicht mehr ben\u00f6tigt, da die Gro\u00df-Gerauer Einsatzkr\u00e4fte den Gefahrenherd bereits lokalisiert und beseitigen konnten. Schon 15 Minuten sp\u00e4ter konnte dann die R\u00fcckfahrt angetreten werden.<\/p>\n<p>Mit dieser kurzen \u00dcbersicht des Einsatzgeschehens im April 2013 verbleiben wir<\/p>\n<p>Ihre<br \/>\nTreburer Feuerwehr<\/p>\n","protected":false},"excerpt":{"rendered":"<p>Der vergangene April war auch wieder ein ruhiger Monat. So verzeichneten wir 6 Eins\u00e4tze, von welchen wir Ihnen hier kurz berichten m\u00f6chten. Sonntag, den 07.04.2013 | 15:20 Uhr Brennt Wohnwagen Ausserhalb (Geinsheim verl\u00e4ngerte Kirchgasse) Bei bestem Fr\u00fchlingswetter wurden wir durch den Meldeempf\u00e4nger aus der Sonntagsruhe gerissen. Bereits<\/p>\n","protected":false},"author":2,"featured_media":236,"comment_status":"open","ping_status":"open","sticky":false,"template":"","format":"standard","meta":{"footnotes":"","_links_to":"","_links_to_target":""},"categories":[7],"tags":[],"class_list":["post-272","post","type-post","status-publish","format-standard","has-post-thumbnail","hentry","category-einsatzchroniken"],"_links":{"self":[{"href":"https:\/\/www.feuerwehr-trebur.org\/web\/wp-json\/wp\/v2\/posts\/272","targetHints":{"allow":["GET"]}}],"collection":[{"href":"https:\/\/www.feuerwehr-trebur.org\/web\/wp-json\/wp\/v2\/posts"}],"about":[{"href":"https:\/\/www.feuerwehr-trebur.org\/web\/wp-json\/wp\/v2\/types\/post"}],"author":[{"embeddable":true,"href":"https:\/\/www.feuerwehr-trebur.org\/web\/wp-json\/wp\/v2\/users\/2"}],"replies":[{"embeddable":true,"href":"https:\/\/www.feuerwehr-trebur.org\/web\/wp-json\/wp\/v2\/comments?post=272"}],"version-history":[{"count":1,"href":"https:\/\/www.feuerwehr-trebur.org\/web\/wp-json\/wp\/v2\/posts\/272\/revisions"}],"predecessor-version":[{"id":273,"href":"https:\/\/www.feuerwehr-trebur.org\/web\/wp-json\/wp\/v2\/posts\/272\/revisions\/273"}],"wp:featuredmedia":[{"embeddable":true,"href":"https:\/\/www.feuerwehr-trebur.org\/web\/wp-json\/wp\/v2\/media\/236"}],"wp:attachment":[{"href":"https:\/\/www.feuerwehr-trebur.org\/web\/wp-json\/wp\/v2\/media?parent=272"}],"wp:term":[{"taxonomy":"category","embeddable":true,"href":"https:\/\/www.feuerwehr-trebur.org\/web\/wp-json\/wp\/v2\/categories?post=272"},{"taxonomy":"post_tag","embeddable":true,"href":"https:\/\/www.feuerwehr-trebur.org\/web\/wp-json\/wp\/v2\/tags?post=272"}],"curies":[{"name":"wp","href":"https:\/\/api.w.org\/{rel}","templated":true}]}}