{"id":2412,"date":"2018-11-10T15:36:52","date_gmt":"2018-11-10T14:36:52","guid":{"rendered":"https:\/\/www.feuerwehr-trebur.org\/web\/?p=2412"},"modified":"2018-11-10T15:36:52","modified_gmt":"2018-11-10T14:36:52","slug":"10-11-2018-fahrzeuguebergabe-neues-mtf","status":"publish","type":"post","link":"https:\/\/www.feuerwehr-trebur.org\/web\/10-11-2018-fahrzeuguebergabe-neues-mtf\/","title":{"rendered":"10.11.2018 &#8211; Fahrzeug\u00fcbergabe neues MTF"},"content":{"rendered":"<p>Gro\u00dfe Freude bei der Freiwilligen Feuerwehr Trebur: Am Samstag wurde das neue Mannschaftstransportfahrzeug (MTF) feierlich \u00fcbergeben. Das besondere bei der \u00dcbergabe: Der F\u00f6rderverein der Feuerwehr hatte das Fahrzeug komplett aus eigenen Mitteln bezahlt. M\u00f6glich geworden ist dies durch das Erbe einer Treburer B\u00fcrgerin, die einen Teil ihres Verm\u00f6gens an die Wehr vererbt hatte. Insgesamt hatte der umgebaute Opel Vivaro rund 43000 Euro gekostet. Ein besonderes Schn\u00e4ppchen f\u00fcr ein solches Fahrzeug, das der stellvertretende Gemeindebrandinspektor Carsten Zentgraf entdeckt hatte, wie Thorsten Maul, Vorsitzender des Vereins berichtete. Das neue MTF ist ein Messefahrzeug der Firma Opel gewesen, das die Feuerwehrleute dann bei einem H\u00e4ndler in der N\u00e4he von Dresden ergatterten und nach Trebur brachten. Es wurden dann noch einige \u00c4nderungen vorgenommen, wie eine Anh\u00e4ngerkupplung angebracht, Funk eingebaut und die Beklebung etwas ge\u00e4ndert, damit es zugelassen werden konnte.<\/p>\n<p>Maul \u00fcbergab den Fahrzeugschl\u00fcssel symbolisch an Wehrf\u00fchrer J\u00fcrgen M\u00f6bus. Das Fahrzeug geht nun in den Gemeindefuhrpark \u00fcber. \u201eEs ist toll, dass dies nun durch den Verein und das Erbe m\u00f6glich geworden ist\u201c, freute sich M\u00f6bus. Das alte Fahrzeug sollte bereits seit 2013 ausgemustert werden und hatte \u00fcber 140000 Kilometern auf dem Tacho. Eine Neuanschaffung war wegen der finanziellen Lage der Gemeinde allerdings nicht m\u00f6glich. \u201eEs war am Ende mehr in der Werkstatt, als in der Halle und verursachte dadurch sehr hohe Kosten. Diese h\u00e4tte man sich sparen k\u00f6nnen, wenn es nicht die bekannten Unstimmigkeiten zum rechtm\u00e4\u00dfigen Erbe gegeben h\u00e4tte\u201c, betonte der Wehrf\u00fchrer. \u201eDies habe nicht nur viel Geld, sondern vor allem Zeit gekostet\u201c, f\u00fcgte er hinzu. Dennoch ist die Freude nun besonders gro\u00df. Auch die Treburer Erblasserin f\u00e4hrt k\u00fcnftig auf dem Fahrzeug immer mit. Die Widmung: \u201eIn Erinnerung und Dankbarkeit\u201c, verbunden mit ihrem Namen, befindet sich auf dem Fahrzeug und war f\u00fcr den Verein eine Ehrensache. Das neue Fahrzeug kann bis zu acht Personen transportieren und soll neben der Einsatzabteilung auch der Alters- und Ehrenabteilung, der Jugendwehr und den Bambinis f\u00fcr Fahrten zur Verf\u00fcgung stehen. Ausserdem verf\u00fcgt es \u00fcber eine gro\u00dfe Ladefl\u00e4che, damit beispielsweise Material zu einem Einsatzort transportiert werden kann.<\/p>\n<div id=\"attachment_2414\" style=\"width: 610px\" class=\"wp-caption aligncenter\"><a href=\"https:\/\/www.feuerwehr-trebur.org\/web\/wp-content\/uploads\/2018\/11\/Neues-MTF-6.jpg\" rel=\"wp-prettyPhoto[2412]\"><img loading=\"lazy\" decoding=\"async\" aria-describedby=\"caption-attachment-2414\" src=\"https:\/\/www.feuerwehr-trebur.org\/web\/wp-content\/uploads\/2018\/11\/Neues-MTF-6-1024x682.jpg\" alt=\"\" width=\"600\" height=\"400\" class=\"size-large wp-image-2414\" srcset=\"https:\/\/www.feuerwehr-trebur.org\/web\/wp-content\/uploads\/2018\/11\/Neues-MTF-6-1024x682.jpg 1024w, https:\/\/www.feuerwehr-trebur.org\/web\/wp-content\/uploads\/2018\/11\/Neues-MTF-6-300x200.jpg 300w, https:\/\/www.feuerwehr-trebur.org\/web\/wp-content\/uploads\/2018\/11\/Neues-MTF-6-768x512.jpg 768w, https:\/\/www.feuerwehr-trebur.org\/web\/wp-content\/uploads\/2018\/11\/Neues-MTF-6.jpg 2000w\" sizes=\"auto, (max-width: 600px) 100vw, 600px\" \/><\/a><p id=\"caption-attachment-2414\" class=\"wp-caption-text\">Die offizielle \u00dcbergabe<\/p><\/div>\n<p><a href=\"https:\/\/www.feuerwehr-trebur.org\/web\/wp-content\/uploads\/2018\/11\/Neues-MTF-2.jpg\" rel=\"wp-prettyPhoto[2412]\"><img loading=\"lazy\" decoding=\"async\" src=\"https:\/\/www.feuerwehr-trebur.org\/web\/wp-content\/uploads\/2018\/11\/Neues-MTF-2-1024x682.jpg\" alt=\"\" width=\"600\" height=\"400\" class=\"aligncenter size-large wp-image-2413\" srcset=\"https:\/\/www.feuerwehr-trebur.org\/web\/wp-content\/uploads\/2018\/11\/Neues-MTF-2-1024x682.jpg 1024w, https:\/\/www.feuerwehr-trebur.org\/web\/wp-content\/uploads\/2018\/11\/Neues-MTF-2-300x200.jpg 300w, https:\/\/www.feuerwehr-trebur.org\/web\/wp-content\/uploads\/2018\/11\/Neues-MTF-2-768x512.jpg 768w, https:\/\/www.feuerwehr-trebur.org\/web\/wp-content\/uploads\/2018\/11\/Neues-MTF-2.jpg 2000w\" sizes=\"auto, (max-width: 600px) 100vw, 600px\" \/><\/a><\/p>\n","protected":false},"excerpt":{"rendered":"<p>Gro\u00dfe Freude bei der Freiwilligen Feuerwehr Trebur: Am Samstag wurde das neue Mannschaftstransportfahrzeug (MTF) feierlich \u00fcbergeben. Das besondere bei der \u00dcbergabe: Der F\u00f6rderverein der Feuerwehr hatte das Fahrzeug komplett aus eigenen Mitteln bezahlt. M\u00f6glich geworden ist dies durch das Erbe einer Treburer B\u00fcrgerin, die einen Teil ihres<\/p>\n","protected":false},"author":6,"featured_media":2413,"comment_status":"closed","ping_status":"closed","sticky":false,"template":"","format":"standard","meta":{"footnotes":"","_links_to":"","_links_to_target":""},"categories":[1],"tags":[],"class_list":["post-2412","post","type-post","status-publish","format-standard","has-post-thumbnail","hentry","category-allgemein"],"_links":{"self":[{"href":"https:\/\/www.feuerwehr-trebur.org\/web\/wp-json\/wp\/v2\/posts\/2412","targetHints":{"allow":["GET"]}}],"collection":[{"href":"https:\/\/www.feuerwehr-trebur.org\/web\/wp-json\/wp\/v2\/posts"}],"about":[{"href":"https:\/\/www.feuerwehr-trebur.org\/web\/wp-json\/wp\/v2\/types\/post"}],"author":[{"embeddable":true,"href":"https:\/\/www.feuerwehr-trebur.org\/web\/wp-json\/wp\/v2\/users\/6"}],"replies":[{"embeddable":true,"href":"https:\/\/www.feuerwehr-trebur.org\/web\/wp-json\/wp\/v2\/comments?post=2412"}],"version-history":[{"count":2,"href":"https:\/\/www.feuerwehr-trebur.org\/web\/wp-json\/wp\/v2\/posts\/2412\/revisions"}],"predecessor-version":[{"id":2416,"href":"https:\/\/www.feuerwehr-trebur.org\/web\/wp-json\/wp\/v2\/posts\/2412\/revisions\/2416"}],"wp:featuredmedia":[{"embeddable":true,"href":"https:\/\/www.feuerwehr-trebur.org\/web\/wp-json\/wp\/v2\/media\/2413"}],"wp:attachment":[{"href":"https:\/\/www.feuerwehr-trebur.org\/web\/wp-json\/wp\/v2\/media?parent=2412"}],"wp:term":[{"taxonomy":"category","embeddable":true,"href":"https:\/\/www.feuerwehr-trebur.org\/web\/wp-json\/wp\/v2\/categories?post=2412"},{"taxonomy":"post_tag","embeddable":true,"href":"https:\/\/www.feuerwehr-trebur.org\/web\/wp-json\/wp\/v2\/tags?post=2412"}],"curies":[{"name":"wp","href":"https:\/\/api.w.org\/{rel}","templated":true}]}}