{"id":1093,"date":"2015-03-09T12:13:27","date_gmt":"2015-03-09T11:13:27","guid":{"rendered":"http:\/\/feuerwehr-trebur.org\/web\/?p=1093"},"modified":"2015-03-09T12:13:27","modified_gmt":"2015-03-09T11:13:27","slug":"03-09-2015-wasser-in-keller","status":"publish","type":"post","link":"https:\/\/www.feuerwehr-trebur.org\/web\/03-09-2015-wasser-in-keller\/","title":{"rendered":"03-09-2015 &#8211; Wasser in Keller"},"content":{"rendered":"<p><strong>Einsatzstichwort<\/strong>: H 1<\/p>\n<p><strong>Alarmierung<\/strong>: 06.12 Uhr<br \/>\n<strong>Einsatzort<\/strong>: Donaustra\u00dfe Trebur<\/p>\n<p><strong>Fahrzeuge<\/strong>: VRW, MTF<br \/>\n<strong>Einsatzkr\u00e4fte Trebur<\/strong>: 4 (+6 in Bereitstellung im Ger\u00e4tehaus)<br \/>\n<strong>Weitere Kr\u00e4fte:<\/strong> Keine<\/p>\n<p><strong>Kurzbericht<\/strong><\/p>\n<p>Am fr\u00fchen Montagmorgen r\u00fcckte die Feuerwehr zu einem Wasserschaden in der Donaustra\u00dfe aus. Dort stand der Keller einige Zentimeter tief unter Wasser. Ursache hierf\u00fcr war wohl ein von der Heizung abgerissener F\u00fcllschlauch. Mit Wassersaugern konnte der Kellerbereich schnell trocken gelegt werden. (dm)<\/p>\n<p><strong>Einsatzende Einsatz<\/strong>: folgt.<br \/>\n<strong>Einsatzdauer Einsatz<\/strong>: folgt.<\/p>\n","protected":false},"excerpt":{"rendered":"<p>Einsatzstichwort: H 1 Alarmierung: 06.12 Uhr Einsatzort: Donaustra\u00dfe Trebur Fahrzeuge: VRW, MTF Einsatzkr\u00e4fte Trebur: 4 (+6 in Bereitstellung im Ger\u00e4tehaus) Weitere Kr\u00e4fte: Keine Kurzbericht Am fr\u00fchen Montagmorgen r\u00fcckte die Feuerwehr zu einem Wasserschaden in der Donaustra\u00dfe aus. Dort stand der Keller einige Zentimeter tief unter Wasser. Ursache<\/p>\n","protected":false},"author":3,"featured_media":0,"comment_status":"closed","ping_status":"closed","sticky":false,"template":"","format":"standard","meta":{"footnotes":"","_links_to":"","_links_to_target":""},"categories":[4],"tags":[],"class_list":["post-1093","post","type-post","status-publish","format-standard","hentry","category-einsaetze"],"_links":{"self":[{"href":"https:\/\/www.feuerwehr-trebur.org\/web\/wp-json\/wp\/v2\/posts\/1093","targetHints":{"allow":["GET"]}}],"collection":[{"href":"https:\/\/www.feuerwehr-trebur.org\/web\/wp-json\/wp\/v2\/posts"}],"about":[{"href":"https:\/\/www.feuerwehr-trebur.org\/web\/wp-json\/wp\/v2\/types\/post"}],"author":[{"embeddable":true,"href":"https:\/\/www.feuerwehr-trebur.org\/web\/wp-json\/wp\/v2\/users\/3"}],"replies":[{"embeddable":true,"href":"https:\/\/www.feuerwehr-trebur.org\/web\/wp-json\/wp\/v2\/comments?post=1093"}],"version-history":[{"count":1,"href":"https:\/\/www.feuerwehr-trebur.org\/web\/wp-json\/wp\/v2\/posts\/1093\/revisions"}],"predecessor-version":[{"id":1094,"href":"https:\/\/www.feuerwehr-trebur.org\/web\/wp-json\/wp\/v2\/posts\/1093\/revisions\/1094"}],"wp:attachment":[{"href":"https:\/\/www.feuerwehr-trebur.org\/web\/wp-json\/wp\/v2\/media?parent=1093"}],"wp:term":[{"taxonomy":"category","embeddable":true,"href":"https:\/\/www.feuerwehr-trebur.org\/web\/wp-json\/wp\/v2\/categories?post=1093"},{"taxonomy":"post_tag","embeddable":true,"href":"https:\/\/www.feuerwehr-trebur.org\/web\/wp-json\/wp\/v2\/tags?post=1093"}],"curies":[{"name":"wp","href":"https:\/\/api.w.org\/{rel}","templated":true}]}}